{"id":977,"date":"2023-09-18T18:07:51","date_gmt":"2023-09-18T16:07:51","guid":{"rendered":"https:\/\/ozrodicia.sk\/?p=977"},"modified":"2023-09-18T18:07:55","modified_gmt":"2023-09-18T16:07:55","slug":"volnocasove-aktivity-musia-prist-za-detmi-do-skol","status":"publish","type":"post","link":"https:\/\/ozrodicia.sk\/?p=977","title":{"rendered":"Vo\u013eno\u010dasov\u00e9 aktivity musia pr\u00eds\u0165 za de\u0165mi do \u0161k\u00f4l"},"content":{"rendered":"\n<figure class=\"wp-block-image size-full\"><img loading=\"lazy\" width=\"749\" height=\"128\" src=\"https:\/\/ozrodicia.sk\/wp-content\/uploads\/2023\/09\/Snimka-obrazovky-2023-09-18-180615.jpg\" alt=\"\" class=\"wp-image-979\" srcset=\"https:\/\/ozrodicia.sk\/wp-content\/uploads\/2023\/09\/Snimka-obrazovky-2023-09-18-180615.jpg 749w, https:\/\/ozrodicia.sk\/wp-content\/uploads\/2023\/09\/Snimka-obrazovky-2023-09-18-180615-300x51.jpg 300w\" sizes=\"(max-width: 749px) 100vw, 749px\" \/><\/figure>\n\n\n\n<p>Organiz\u00e1cie venuj\u00face sa pr\u00e1ci s de\u0165mi a rodi\u010dmi vyzvali v stredu, 13.9. v\u0161etk\u00fdch akt\u00e9rov vzdel\u00e1vacieho syst\u00e9mu, aby vo v\u00e4\u010d\u0161ej miere integrovali vo\u013eno\u010dasov\u00e9 aktivity det\u00ed do syst\u00e9mu vzdel\u00e1vania a v\u00fdchovy na Slovensku. Vo v\u00e4\u010d\u0161ine vyspel\u00fdch kraj\u00edn s\u00fa pohybov\u00e9, umeleck\u00e9, vzdel\u00e1vacie a in\u00e9 z\u00e1ujmov\u00e9 \u010dinnosti koncentrovan\u00e9 na \u0161kol\u00e1ch a v ich okol\u00ed a s\u00fa tak maxim\u00e1lne vyu\u017e\u00edvan\u00e9 a dostupn\u00e9 najv\u00e4\u010d\u0161iemu po\u010dtu det\u00ed a ml\u00e1de\u017ee. Vzh\u013eadom na deklarovan\u00fa politick\u00fa v\u00f4\u013eu a aktu\u00e1lnu dostupnos\u0165 eur\u00f3pskych finan\u010dn\u00fdch zdrojov m\u00e1 dnes Slovensko jedine\u010dn\u00fa \u0161ancu zvr\u00e1ti\u0165 trend \u00fapadku a zaost\u00e1vania svojho syst\u00e9mu v\u00fdchovy a vzdel\u00e1vania det\u00ed a ml\u00e1de\u017ee. V\u00e4\u010d\u0161ia kvalita a dostupnos\u0165 aktiv\u00edt na \u0161kol\u00e1ch by k tomu mohla v\u00fdrazne prispie\u0165.\u00a0<\/p>\n\n\n\n<p>Organiz\u00e1cie o.z. Rodi\u010dia.sk, n. o. Rodi\u010d \u013eavou zadnou, n. o. Jeden rodi\u010d, Platforma rod\u00edn det\u00ed so zdravotn\u00fdm znev\u00fdhodnen\u00edm, O2 \u0160portov\u00e1 akad\u00e9mia Mateja T\u00f3tha a&nbsp;Aliancia stredo\u0161kol\u00e1kov dnes predstavili verejn\u00fa v\u00fdzvu \u201eVo\u013eno\u010dasov\u00e9 aktivity musia pr\u00eds\u0165 za de\u0165mi do \u0161k\u00f4l\u201c. Zdru\u017eenia, ktor\u00e9 sa dlhodobo venuj\u00fa pr\u00e1ci s&nbsp;de\u0165mi a&nbsp;rodi\u010dmi tak upozornili na fakt, \u017ee aktivity, ktor\u00fdm sa deti venuj\u00fa vo vo\u013enom \u010dase, by mali by\u0165 vo v\u00e4\u010d\u0161ej miere integr\u00e1lnou s\u00fa\u010das\u0165ou vzdel\u00e1vania a&nbsp;v\u00fdchovy na Slovensku.<\/p>\n\n\n\n<p>\u201e<em>Vyz\u00fdvame v\u0161etk\u00fdch zodpovedn\u00fdch, aby s\u00fastredili na \u0161kol\u00e1ch a ich bezprostrednom okol\u00ed v\u0161etky aktivity, ktor\u00e9 s\u00fa pre vzdel\u00e1vanie a rozvoj det\u00ed prospe\u0161n\u00e9, \u010di ide o \u010dinnosti pohybov\u00e9, umeleck\u00e9, vedeck\u00e9 \u010di ak\u00e9ko\u013evek in\u00e9, o ktor\u00e9 rodi\u010dia a predov\u0161etk\u00fdm \u017eiaci prejavia z\u00e1ujem. Prospe\u0161nos\u0165 tohto kroku potvrdzuj\u00fa aj sk\u00fasenosti z&nbsp;vyspel\u00fdch kraj\u00edn<\/em>,\u201c uviedol <strong>Matej Stu\u0161ka<\/strong>, riadite\u013e OZ Rodi\u010dia.sk<\/p>\n\n\n\n<p>Pod\u013ea <a href=\"http:\/\/ozrodicia.sk\/wp-content\/uploads\/2021\/07\/Prieskum-Korona-3-deti-a-sport-27.6.2021-1.pdf\">reprezentat\u00edvneho prieskumu OZ Rodi\u010dia.sk<\/a>, 92 % rodi\u010dov det\u00ed nav\u0161tevuj\u00facich Z\u0160 a S\u0160 potvrdilo, \u017ee na \u0161kol\u00e1ch by mali by\u0165 s\u00fastreden\u00e9 aj pohybov\u00e9, umeleck\u00e9 a in\u00e9 mimo\u0161kolsk\u00e9 z\u00e1ujmov\u00e9 aktivity det\u00ed a&nbsp;ml\u00e1de\u017ee, \u010d\u00edm by boli dostupnej\u0161ie a&nbsp;nemuselo by sa za nimi cestova\u0165.<\/p>\n\n\n\n<p>Ako doplnil Matej Stu\u0161ka \u201e<em>Koncentr\u00e1cia aktiv\u00edt na \u0161kol\u00e1ch zv\u00fd\u0161i kvalitu a&nbsp;efekt\u00edvnos\u0165 vzdel\u00e1vacieho procesu a&nbsp;invest\u00edci\u00ed do \u0161kolskej infra\u0161trukt\u00fary, zn\u00ed\u017ei diskrimin\u00e1ciu v&nbsp;pr\u00edstupe k&nbsp;t\u00fdmto aktivit\u00e1m, podpor\u00ed prirodzen\u00fa inkl\u00faziu, du\u0161evn\u00e9 a&nbsp;fyzick\u00e9 zdravie det\u00ed a&nbsp;na konci d\u0148a aj eliminuje zbyto\u010dn\u00fa dopravn\u00fa a&nbsp;environment\u00e1lnu z\u00e1\u0165a\u017e. <\/em><em>Nevyhnutn\u00e9 je v\u0161ak investova\u0165 do \u0161kolskej infra\u0161trukt\u00fary, nastavi\u0165 syst\u00e9m financovania, podpori\u0165 in\u0161tit\u00facie vzdel\u00e1vaj\u00face odborn\u00edkov a&nbsp;zos\u00faladi\u0165 podporu t\u00fdchto \u010dinnost\u00ed so strat\u00e9giami \u0161t\u00e1tu. Cie\u013eom by mala by\u0165 dostupnos\u0165 aspo\u0148 dvoch vo\u013eno\u010dasov\u00fdch aktiv\u00edt pre ka\u017ed\u00e9ho \u017eiaka na Slovensku, z ktor\u00fdch je aspo\u0148 1 pohybov\u00e1.<\/em>\u201c.<\/p>\n\n\n\n<p>Ma\u0165 vo\u013eno\u010dasov\u00e9 aktivity na jednom mieste oce\u0148uj\u00fa aj rodi\u010dia, ktor\u00ed s\u00fa na v\u00fdchovu det\u00ed sami a&nbsp;tie\u017e rodi\u010dia det\u00ed so zdravotn\u00fdm znev\u00fdhodnen\u00edm.<\/p>\n\n\n\n<p>\u201e<em>Na Slovensku m\u00e1me viac ako 360 tis\u00edc jednorodi\u010dovsk\u00fdch dom\u00e1cnost\u00ed, v ktor\u00fdch je viac ako 500 tis\u00edc det\u00ed, ktor\u00e9 sa pasuj\u00fa nielen s financiami ale aj s izol\u00e1ciou a materi\u00e1lnou depriv\u00e1ciou. Ide najm\u00e4 o to, ako spravi\u0165 mana\u017ement vo\u013eno\u010dasov\u00fdch aktiv\u00edt die\u0165a\u0165a. Rodiny \u010dastokr\u00e1t \u017eij\u00fa z 500 \u20ac mesa\u010dne a neost\u00e1vaj\u00fa im peniaze na vo\u013eno\u010dasov\u00e9 aktivity. V jednorodi\u010dovsk\u00fdch rodin\u00e1ch s\u00fa talentovan\u00e9 deti, ktor\u00e9 tak prich\u00e1dzaj\u00fa o pr\u00edle\u017eitosti.<\/em>\u201c zd\u00f4raznila <strong>Eva Markov\u00e1<\/strong> z&nbsp;n. o. Jeden rodi\u010d.<\/p>\n\n\n\n<p><strong>Michaela Saleh<\/strong> z&nbsp;Platformy rod\u00edn det\u00ed so zdravotn\u00fdm znev\u00fdhodnen\u00edm doplnila \u201e<em>Existuj\u00fa medzi nami deti s&nbsp;celou \u0161k\u00e1lou zdravotn\u00fdch znev\u00fdhodnen\u00ed &#8211; od cukrovky, cez autizmus po \u0165a\u017e\u0161ie zdravotn\u00e9 postihnutia. Ich rodi\u010dia musia rie\u0161i\u0165 \u00faplne z\u00e1kladn\u00e9 veci oh\u013eadom samotn\u00e9ho vyu\u010dovania a&nbsp;to u\u017e nehovor\u00edme o&nbsp;vo\u013eno\u010dasov\u00fdch aktivit\u00e1ch, kr\u00fa\u017ekoch a&nbsp;v\u00fdletoch. Asistenti t\u00fdchto det\u00ed sa nem\u00f4\u017eu z\u00fa\u010dast\u0148ova\u0165 v\u00fdletov, \u0161k\u00f4l v&nbsp;pr\u00edrode, dru\u017einy, nehovoriac o poobed\u0148aj\u0161\u00edch aktivit\u00e1ch. Znamen\u00e1 to, \u017ee die\u0165a pr\u00edde domov zo \u0161koly a&nbsp;tam jeho de\u0148 kon\u010d\u00ed, alebo je rodi\u010d odk\u00e1zan\u00fd na individu\u00e1lne drah\u0161ie kr\u00fa\u017eky, na ktor\u00e9 nem\u00f4\u017ee ani pou\u017ei\u0165 vzdel\u00e1vacie poukazy. Pre n\u00e1s je aspekt vo\u013eno\u010dasov\u00fdch aktiv\u00edt sci-fi, ale ve\u013emi by n\u00e1s do bud\u00facnosti pote\u0161il<\/em>.\u201c.<\/p>\n\n\n\n<p>Dlhoro\u010dn\u00e9mu vzdel\u00e1vaniu rodi\u010dov na \u0161kol\u00e1ch sa venuje <strong>Ivett Pavlis<\/strong>, zakladate\u013eka&nbsp;n. o. Rodi\u010d \u013eavou zadnou, uviedla \u201c <em>Na\u0161ou v\u00edziou je spolupr\u00e1ca na \u00farovni rodi\u010dov, \u0161k\u00f4l a&nbsp;\u017eiakov tak, aby na konci procesu boli v\u0161etky strany spokojn\u00e9 a&nbsp;\u0161\u0165astn\u00e9. Dosiahnu\u0165 sa to d\u00e1 aj tak, aby \u0161kola bola centrom v\u0161estrann\u00e9ho vzdel\u00e1vania nielen det\u00ed, ale aj rodi\u010dov. Vzdel\u00e1vanie rodi\u010dov a&nbsp;poskytnutie vo\u013eno\u010dasov\u00fdch aktiv\u00edt de\u0165om m\u00f4\u017ee vies\u0165 k&nbsp;prevencii probl\u00e9mov, zlep\u0161eniu komunik\u00e1cie a&nbsp;vytvoreniu komunity<\/em>.\u201c.<\/p>\n\n\n\n<p>Prepracovan\u00e9mu syst\u00e9mu pohybov\u00fdch aktiv\u00edt na \u0161kol\u00e1ch sa dlhodobo venuje O2 \u0160portov\u00e1 akad\u00e9mia Mateja T\u00f3tha. Riadite\u013eka akad\u00e9mie, <strong>M\u00e1ria Bedledkov\u00e1<\/strong> uviedla \u201e<em>Ke\u010f sme pred \u00f4smymi rokmi zakladali akad\u00e9miu, chceli sme projekt dostupn\u00fd nielen region\u00e1lne, ale aj z&nbsp;poh\u013eadu financi\u00ed. Rozhodnutie \u00eds\u0165 na \u0161koly, spolupracova\u0165 priamo s&nbsp;u\u010dite\u013emi, bolo v\u00fdborn\u00e9 rozhodnutie. Na\u0161a akad\u00e9mia je pr\u00edkladom, ako m\u00f4\u017eu \u0161portov\u00e9 kr\u00fa\u017eky fungova\u0165 na \u0161kol\u00e1ch aj v&nbsp;t\u00fdch najmen\u0161\u00edch obciach. Sme na stovk\u00e1ch \u0161k\u00f4l a&nbsp;ro\u010dne \u0148ou prejd\u00fa tis\u00edcky det\u00ed.\u201c<\/em><\/p>\n\n\n\n<p>Slovensko m\u00e1 dnes, vzh\u013eadom na deklarovan\u00fa politick\u00fa v\u00f4\u013eu a aktu\u00e1lnu dostupnos\u0165 eur\u00f3pskych finan\u010dn\u00fdch zdrojov, jedine\u010dn\u00fa \u0161ancu zvr\u00e1ti\u0165 trend \u00fapadku a zaost\u00e1vania svojho syst\u00e9mu v\u00fdchovy a vzdel\u00e1vania det\u00ed a ml\u00e1de\u017ee.<\/p>\n\n\n\n<p class=\"has-text-align-right\"><img loading=\"lazy\" width=\"1094\" height=\"322\" class=\"wp-image-9\" style=\"width: 150px;\" src=\"http:\/\/ozrodicia.sk\/wp-content\/uploads\/2020\/05\/RDC2020_logo.png\" alt=\"\" srcset=\"https:\/\/ozrodicia.sk\/wp-content\/uploads\/2020\/05\/RDC2020_logo.png 1094w, https:\/\/ozrodicia.sk\/wp-content\/uploads\/2020\/05\/RDC2020_logo-300x88.png 300w, https:\/\/ozrodicia.sk\/wp-content\/uploads\/2020\/05\/RDC2020_logo-1024x301.png 1024w, https:\/\/ozrodicia.sk\/wp-content\/uploads\/2020\/05\/RDC2020_logo-768x226.png 768w, https:\/\/ozrodicia.sk\/wp-content\/uploads\/2020\/05\/RDC2020_logo-710x210.png 710w\" sizes=\"(max-width: 1094px) 100vw, 1094px\" \/><\/p>\n\n\n\n<div class=\"wp-block-buttons\">\n<div class=\"wp-block-button\"><a class=\"wp-block-button__link has-background\" href=\"http:\/\/ozrodicia.sk\/wp-content\/uploads\/2023\/09\/TS_Volnocasove-aktivity-musia-prist-za-detmi-do-skol_13_9_2023.pdf\" style=\"background-color:#dc9018\" target=\"_blank\" rel=\"noreferrer noopener\">Tla\u010dov\u00e1 spr\u00e1va (.PDF)<\/a><\/div>\n<\/div>\n\n\n\n<p><\/p>\n","protected":false},"excerpt":{"rendered":"<p>Organiz\u00e1cie venuj\u00face sa pr\u00e1ci s de\u0165mi a rodi\u010dmi vyzvali v stredu, 13.9. v\u0161etk\u00fdch akt\u00e9rov vzdel\u00e1vacieho syst\u00e9mu, aby vo v\u00e4\u010d\u0161ej miere [&hellip;]<\/p>\n","protected":false},"author":1,"featured_media":362,"comment_status":"closed","ping_status":"open","sticky":false,"template":"","format":"standard","meta":{"sfsi_plus_gutenberg_text_before_share":"","sfsi_plus_gutenberg_show_text_before_share":"","sfsi_plus_gutenberg_icon_type":"","sfsi_plus_gutenberg_icon_alignemt":"","sfsi_plus_gutenburg_max_per_row":"","_mi_skip_tracking":false,"_monsterinsights_sitenote_active":false,"_monsterinsights_sitenote_note":"","_monsterinsights_sitenote_category":0},"categories":[4],"tags":[],"_links":{"self":[{"href":"https:\/\/ozrodicia.sk\/index.php?rest_route=\/wp\/v2\/posts\/977"}],"collection":[{"href":"https:\/\/ozrodicia.sk\/index.php?rest_route=\/wp\/v2\/posts"}],"about":[{"href":"https:\/\/ozrodicia.sk\/index.php?rest_route=\/wp\/v2\/types\/post"}],"author":[{"embeddable":true,"href":"https:\/\/ozrodicia.sk\/index.php?rest_route=\/wp\/v2\/users\/1"}],"replies":[{"embeddable":true,"href":"https:\/\/ozrodicia.sk\/index.php?rest_route=%2Fwp%2Fv2%2Fcomments&post=977"}],"version-history":[{"count":2,"href":"https:\/\/ozrodicia.sk\/index.php?rest_route=\/wp\/v2\/posts\/977\/revisions"}],"predecessor-version":[{"id":985,"href":"https:\/\/ozrodicia.sk\/index.php?rest_route=\/wp\/v2\/posts\/977\/revisions\/985"}],"wp:featuredmedia":[{"embeddable":true,"href":"https:\/\/ozrodicia.sk\/index.php?rest_route=\/wp\/v2\/media\/362"}],"wp:attachment":[{"href":"https:\/\/ozrodicia.sk\/index.php?rest_route=%2Fwp%2Fv2%2Fmedia&parent=977"}],"wp:term":[{"taxonomy":"category","embeddable":true,"href":"https:\/\/ozrodicia.sk\/index.php?rest_route=%2Fwp%2Fv2%2Fcategories&post=977"},{"taxonomy":"post_tag","embeddable":true,"href":"https:\/\/ozrodicia.sk\/index.php?rest_route=%2Fwp%2Fv2%2Ftags&post=977"}],"curies":[{"name":"wp","href":"https:\/\/api.w.org\/{rel}","templated":true}]}}