{"id":791,"date":"2022-05-17T21:15:42","date_gmt":"2022-05-17T19:15:42","guid":{"rendered":"https:\/\/ozrodicia.sk\/?p=791"},"modified":"2022-12-16T17:45:30","modified_gmt":"2022-12-16T16:45:30","slug":"socialna-situacia-rodin-a-skolstvo-musia-byt-aj-s-ohladom-na-pandemiu-prioritou-vlady-sr","status":"publish","type":"post","link":"https:\/\/ozrodicia.sk\/?p=791","title":{"rendered":"Soci\u00e1lna situ\u00e1cia rod\u00edn a \u0161kolstvo musia by\u0165 aj s oh\u013eadom na pand\u00e9miu prioritou vl\u00e1dy SR"},"content":{"rendered":"\n<p>Ob\u010dianske zdru\u017eenie Rodi\u010dia.sk sa sna\u017eilo po\u010das 2 rokov pand\u00e9mie tlmo\u010di\u0165 vl\u00e1de SR a kompetentn\u00fdm in\u0161tit\u00faci\u00e1m n\u00e1zory verejnosti, s d\u00f4razom na rodi\u010dov det\u00ed do 18 rokov, na vplyv prij\u00edman\u00fdch opatren\u00ed na ich ka\u017edodenn\u00e9 \u017eivoty. <strong>Po\u010das v\u0161etk\u00fdch pandemick\u00fdch v\u013an platilo, \u017ee rodi\u010dia sa prioritne ob\u00e1vali vplyvu opatren\u00ed na ich pr\u00edjmy\/\u017eivobytie, a na mo\u017enos\u0165 ich det\u00ed nav\u0161tevova\u0165 \u0161koly a z\u00e1ujmov\u00e9 aktivity, teda na mo\u017enos\u0165 vzdel\u00e1va\u0165 a socializova\u0165 sa <\/strong>(Graf \u010d.1, <a href=\"https:\/\/ozrodicia.sk\/?p=180\">prieskum sept. 2020<\/a>). Dnes m\u00f4\u017eeme kon\u0161tatova\u0165, \u017ee Slovensko nezvl\u00e1dlo ani jednu z t\u00fdchto oblast\u00ed k spokojnosti rodi\u010dov a verejnosti, preto\u017ee miera obmedzenia \u017eivota det\u00ed a ml\u00e1de\u017ee bola jednou z najvy\u0161\u0161\u00edch v E\u00da (\u017eiaci S\u0160 str\u00e1vili po\u010das troch \u0161kolsk\u00fdch rokov a\u017e 11 mesiacov doma) a <strong>len 23 % respondentov v na\u0161ich prieskumoch vyjadrilo spokojnos\u0165 s v\u00fd\u0161kou pr\u00edjmov\u00fdch kompenz\u00e1ci\u00ed firm\u00e1m, podnikate\u013eom \u010di SZ\u010cO (<\/strong><a href=\"https:\/\/ozrodicia.sk\/?p=322\"><strong>prieskum febru\u00e1r 2021<\/strong><\/a><strong> a <\/strong><a href=\"https:\/\/ozrodicia.sk\/?p=630\"><strong>september 2021<\/strong><\/a><strong>).<\/strong><\/p>\n\n\n\n<h4 class=\"has-text-color\" style=\"color:#dc9018\"><strong>Graf 1: Obavy rodi\u010dov v s\u00favislosti s pandemick\u00fdmi opatreniami (sept. 2021)<\/strong><\/h4>\n\n\n\n<figure class=\"wp-block-image size-large is-resized\"><img loading=\"lazy\" src=\"https:\/\/ozrodicia.sk\/wp-content\/uploads\/2022\/05\/Obrazok1.png\" alt=\"\" class=\"wp-image-792\" width=\"746\" height=\"183\" srcset=\"https:\/\/ozrodicia.sk\/wp-content\/uploads\/2022\/05\/Obrazok1.png 597w, https:\/\/ozrodicia.sk\/wp-content\/uploads\/2022\/05\/Obrazok1-300x73.png 300w\" sizes=\"(max-width: 746px) 100vw, 746px\" \/><\/figure>\n\n\n\n<p>S o\u010dak\u00e1van\u00edm sme preto sledovali n\u00e1vrhy kompenz\u00e1ci\u00ed, ktor\u00e9 by rodi\u010dom pomohli sa finan\u010dne zotavi\u0165 z n\u00e1sledkov pandemick\u00fdch opatren\u00ed a mladistv\u00fdm umo\u017enili prekona\u0165 fyzick\u00e9 a psychick\u00e9 n\u00e1sledky izol\u00e1cie. So sklaman\u00edm sme v\u0161ak n\u00faten\u00ed kon\u0161tatova\u0165, \u017ee zatia\u013e \u017eiadne z\u00e1sadn\u00e9 opatrenia nepri\u0161li a \u010do je hor\u0161ie, situ\u00e1ciu rod\u00edn v\u00e1\u017ene degraduje vy\u0161e 10 % n\u00e1rast cien, hrozba energetickej kr\u00edzy a nap\u00e4tie s\u00favisiace s vojnov\u00fdm konfliktom v susednej Ukrajine. Sme len svedkami h\u00e1dok vl\u00e1dnych predstavite\u013eov a odkladan\u00fdch pr\u00eds\u013eubov, ktor\u00e9 nespokojnos\u0165 a frustr\u00e1ciu iba stup\u0148uj\u00fa. &nbsp;&nbsp;&nbsp;<\/p>\n\n\n\n<p><strong>V oblasti podpory rod\u00edn preto \u017eiadame vl\u00e1du SR, aby bezodkladne prist\u00fapila k realiz\u00e1ci\u00ed cielen\u00fdch a adekv\u00e1tnych kompenza\u010dn\u00fdch opatren\u00ed namieren\u00fdch prim\u00e1rne na najzranite\u013enej\u0161ie skupiny rodi\u010dov &#8211; jednorodi\u010dovsk\u00e9 rodiny, viac-detn\u00e9 rodiny, rodi\u010dov bez zamestnania a rodi\u010dov v hmotnej n\u00fadzi.<\/strong> Ver\u00edme, \u017ee v spolupr\u00e1ci so soci\u00e1lnymi partnermi, verejn\u00fdmi in\u0161tit\u00faciami, samospr\u00e1vami a MVO sa okruh t\u00fdchto rod\u00edn podar\u00ed identifikova\u0165 a maximalizova\u0165 tak podporu pre t\u00fdch, ktor\u00ed ju skuto\u010dne urgentne potrebuj\u00fa. Aj ke\u010f plo\u0161n\u00fd pr\u00edspevok 100\u20ac na die\u0165a rodiny na jese\u0148 2021 ur\u010dite pote\u0161il, vo svetle 2 rokov pand\u00e9mie a dne\u0161nej enormnej infl\u00e1cie je tak\u00fdto pr\u00edspevok pre v\u00e4\u010d\u0161inu rod\u00edn pomerne zanedbate\u013en\u00fd. <strong>Naopak, solid\u00e1rna pomoc pre t\u00fdch najzranite\u013enej\u0161\u00edch je viac ako na mieste a mus\u00ed by\u0165 vy\u0161\u0161ia.&nbsp;<\/strong><\/p>\n\n\n\n<p><strong>Najlep\u0161ou podporou pre ostatn\u00e9 rodiny a ich deti je podpora ka\u017edodenn\u00fdch verejn\u00fdch slu\u017eieb, a to najm\u00e4 \u0161kolstva a zdravotnej strarostlivosti.<\/strong> Ako na\u0161e reprezentat\u00edvne prieskumy opakovane potvrdzovali, rodi\u010dom aj \u0161irokej verejnosti z\u00e1le\u017e\u00ed na vzdel\u00e1van\u00ed det\u00ed a ml\u00e1de\u017ee. <strong>Chc\u00fa na \u0161kol\u00e1ch kvalitn\u00fa v\u00fdu\u010dbu od kvalifikovan\u00fdch u\u010dite\u013eov\/iek, a preto od verejnej spr\u00e1vy o\u010dak\u00e1vaj\u00fa zlep\u0161enie pracovn\u00fdch podmienok u\u010dite\u013eov vr\u00e1tane vy\u0161\u0161\u00edch platov, zmeny v obsahu a forme vzdel\u00e1vania a zv\u00fd\u0161enie dostupnosti z\u00e1ujmov\u00fdch aktiv\u00edt pre ne priamo na \u0161kol\u00e1ch<\/strong> (graf. \u010d.2).<\/p>\n\n\n\n<h4 class=\"has-text-color has-small-font-size\" style=\"color:#dc9018\"><strong>Graf 2: Priority verejnosti vo vz\u0165ahu ku \u0161kol\u00e1m<\/strong><br><sup>(Vzorka 1005 respondentov, janu\u00e1r 2022, 2muse, s.r.o.)<\/sup><\/h4>\n\n\n\n<figure class=\"wp-block-image size-large is-resized\"><img loading=\"lazy\" src=\"https:\/\/ozrodicia.sk\/wp-content\/uploads\/2022\/05\/Obrazok2.png\" alt=\"\" class=\"wp-image-794\" width=\"831\" height=\"122\" srcset=\"https:\/\/ozrodicia.sk\/wp-content\/uploads\/2022\/05\/Obrazok2.png 659w, https:\/\/ozrodicia.sk\/wp-content\/uploads\/2022\/05\/Obrazok2-300x44.png 300w\" sizes=\"(max-width: 831px) 100vw, 831px\" \/><\/figure>\n\n\n\n<p><\/p>\n\n\n\n<p>Pod\u013ea prieskumu z janu\u00e1ra 2022 realizovan\u00e9ho pre OZ Rodi\u010dia.sk agent\u00farou 2muse, s.r.o. na vzorke 1005 respondentov&nbsp; je zjavn\u00e9, \u017ee <strong>najv\u00e4\u010d\u0161\u00edm probl\u00e9mom slovensk\u00e9ho \u0161kolstva je nez\u00e1ujem \u0161t\u00e1tu o jeho stav (47 % \u013eud\u00ed si mysl\u00ed, \u017ee \u201c\u0160t\u00e1t deklaruje, \u017ee vzdel\u00e1vanie je prioritou, ale re\u00e1lne pre to rob\u00ed ve\u013emi m\u00e1lo\u201d).<\/strong> Vzh\u013eadom k tejto nelichotivej skuto\u010dnosti by vl\u00e1da Slovenskej republiky mala da\u0165 svojou politikou a opatreniami zameran\u00fdmi na zvy\u0161ovanie kvality vzdel\u00e1vania jasn\u00fd sign\u00e1l rodi\u010dom a verejnosti, \u017ee na \u0161kolstve jej skuto\u010dne z\u00e1le\u017e\u00ed.<\/p>\n\n\n\n<p>Pova\u017eujeme ka\u017edop\u00e1dne za \u017eiaduce, aby <strong>v pr\u00edpade z\u00e1sadn\u00fdch systematick\u00fdch \u00faprav da\u0148ovo-odvodov\u00e9ho syst\u00e9mu vl\u00e1da predlo\u017eila svoje n\u00e1vrhy aj s podkladmi na riadny legislat\u00edvny proces spojen\u00fd s verejnou diskusiou.<\/strong> V opa\u010dnom pr\u00edpade riskujeme prij\u00edmanie opatren\u00ed, ktor\u00e9 sa nesk\u00f4r uk\u00e1\u017eu ako neefekt\u00edvne, pr\u00edpadne kontraprodukt\u00edvne.<br><br><\/p>\n\n\n\n<div class=\"wp-block-buttons\">\n<div class=\"wp-block-button\"><a class=\"wp-block-button__link has-background\" href=\"http:\/\/ozrodicia.sk\/wp-content\/uploads\/2022\/05\/OZ-Rodicia.sk_-Socialna-situacia-rodin-a-skolstvo-musia-byt-aj-s-ohladom-na-pandemiu-prioritou-vlady-SR.pdf\" style=\"background-color:#dc9018\" target=\"_blank\" rel=\"noreferrer noopener\">Cel\u00e9 stanovisko si m\u00f4\u017eete stiahnu\u0165 tu. (.PDF)<\/a><\/div>\n<\/div>\n\n\n\n<p class=\"has-text-align-right\"><strong>Matej Stu\u0161ka<\/strong><br>v\u00fdkonn\u00fd riadite\u013e<\/p>\n\n\n\n<p class=\"has-text-align-right\"><img loading=\"lazy\" width=\"1094\" height=\"322\" class=\"wp-image-9\" style=\"width: 150px;\" src=\"http:\/\/ozrodicia.sk\/wp-content\/uploads\/2020\/05\/RDC2020_logo.png\" alt=\"\" srcset=\"https:\/\/ozrodicia.sk\/wp-content\/uploads\/2020\/05\/RDC2020_logo.png 1094w, https:\/\/ozrodicia.sk\/wp-content\/uploads\/2020\/05\/RDC2020_logo-300x88.png 300w, https:\/\/ozrodicia.sk\/wp-content\/uploads\/2020\/05\/RDC2020_logo-1024x301.png 1024w, https:\/\/ozrodicia.sk\/wp-content\/uploads\/2020\/05\/RDC2020_logo-768x226.png 768w, https:\/\/ozrodicia.sk\/wp-content\/uploads\/2020\/05\/RDC2020_logo-710x210.png 710w\" sizes=\"(max-width: 1094px) 100vw, 1094px\" \/><\/p>\n","protected":false},"excerpt":{"rendered":"<p>Ob\u010dianske zdru\u017eenie Rodi\u010dia.sk sa sna\u017eilo po\u010das 2 rokov pand\u00e9mie tlmo\u010di\u0165 vl\u00e1de SR a kompetentn\u00fdm in\u0161tit\u00faci\u00e1m n\u00e1zory verejnosti, s d\u00f4razom na [&hellip;]<\/p>\n","protected":false},"author":1,"featured_media":796,"comment_status":"closed","ping_status":"open","sticky":false,"template":"","format":"standard","meta":{"sfsi_plus_gutenberg_text_before_share":"","sfsi_plus_gutenberg_show_text_before_share":"","sfsi_plus_gutenberg_icon_type":"","sfsi_plus_gutenberg_icon_alignemt":"","sfsi_plus_gutenburg_max_per_row":"","_mi_skip_tracking":false,"_monsterinsights_sitenote_active":false,"_monsterinsights_sitenote_note":"","_monsterinsights_sitenote_category":0},"categories":[4],"tags":[],"_links":{"self":[{"href":"https:\/\/ozrodicia.sk\/index.php?rest_route=\/wp\/v2\/posts\/791"}],"collection":[{"href":"https:\/\/ozrodicia.sk\/index.php?rest_route=\/wp\/v2\/posts"}],"about":[{"href":"https:\/\/ozrodicia.sk\/index.php?rest_route=\/wp\/v2\/types\/post"}],"author":[{"embeddable":true,"href":"https:\/\/ozrodicia.sk\/index.php?rest_route=\/wp\/v2\/users\/1"}],"replies":[{"embeddable":true,"href":"https:\/\/ozrodicia.sk\/index.php?rest_route=%2Fwp%2Fv2%2Fcomments&post=791"}],"version-history":[{"count":5,"href":"https:\/\/ozrodicia.sk\/index.php?rest_route=\/wp\/v2\/posts\/791\/revisions"}],"predecessor-version":[{"id":895,"href":"https:\/\/ozrodicia.sk\/index.php?rest_route=\/wp\/v2\/posts\/791\/revisions\/895"}],"wp:featuredmedia":[{"embeddable":true,"href":"https:\/\/ozrodicia.sk\/index.php?rest_route=\/wp\/v2\/media\/796"}],"wp:attachment":[{"href":"https:\/\/ozrodicia.sk\/index.php?rest_route=%2Fwp%2Fv2%2Fmedia&parent=791"}],"wp:term":[{"taxonomy":"category","embeddable":true,"href":"https:\/\/ozrodicia.sk\/index.php?rest_route=%2Fwp%2Fv2%2Fcategories&post=791"},{"taxonomy":"post_tag","embeddable":true,"href":"https:\/\/ozrodicia.sk\/index.php?rest_route=%2Fwp%2Fv2%2Ftags&post=791"}],"curies":[{"name":"wp","href":"https:\/\/api.w.org\/{rel}","templated":true}]}}