{"id":714,"date":"2021-11-27T15:05:09","date_gmt":"2021-11-27T14:05:09","guid":{"rendered":"https:\/\/ozrodicia.sk\/?p=714"},"modified":"2021-11-27T18:59:22","modified_gmt":"2021-11-27T17:59:22","slug":"stanovisko-k-rozhodnutiu-vlady-sr-24-11-nezatvarat-plosne-vsetky-skoly-na-slovensku","status":"publish","type":"post","link":"https:\/\/ozrodicia.sk\/?p=714","title":{"rendered":"Stanovisko k rozhodnutiu vl\u00e1dy SR 24.11. nezatv\u00e1ra\u0165 plo\u0161ne v\u0161etky \u0161koly na Slovensku"},"content":{"rendered":"\n<p><strong>Aj zdru\u017eenie Rodi\u010dia.sk sa rozhodlo 25.11.2021 prida\u0165 k&nbsp;tvorbe stanoviska k&nbsp;rozhodnutiu vl\u00e1dy SR nezatvori\u0165 \u0161koly plo\u0161ne a sna\u017ei\u0165 sa urobi\u0165 v\u0161etko preto, aby tam kde je to mo\u017en\u00e9, ostali \u0161koly pre deti a ml\u00e1de\u017e otvoren\u00e9.<\/strong><\/p>\n\n\n\n<p>Sme si plne vedom\u00ed, \u017ee situ\u00e1cia je v\u00e1\u017ena v niektor\u00fdch regi\u00f3noch priam alarmuj\u00faca. Pripom\u00edname v\u0161ak, \u017ee sme mali dos\u0165 \u010dasu sa na to pripravi\u0165 a tam, kde u\u017e opatrenia nezaberaj\u00fa, ni\u010d nebr\u00e1ni kompetentn\u00fdm region\u00e1lnym autorit\u00e1m v zmysle COVID automatu kona\u0165, \u010di s\u00fa to region\u00e1lne pracovisk\u00e1 \u00daVZ, samospr\u00e1vy a&nbsp;ostatn\u00ed zria\u010fovatelia \u0161k\u00f4l, a&nbsp;nakoniec aj samotn\u00ed riaditelia \u0161k\u00f4l.<\/p>\n\n\n\n<p><em>\u201eV\u00e1\u017ena situ\u00e1cia v&nbsp;nemocniciach si vy\u017eaduje prija\u0165 opatrenia, medzi ktor\u00e9 patr\u00ed aj lockdown. Ak sme sa nepripravili, ak sme nereagovali v\u010das, nem\u00f4\u017eu za na\u0161e zlyhania nies\u0165 d\u00f4sledky op\u00e4\u0165 deti a&nbsp;mlad\u00ed \u013eudia. Lockdown je nevyhnutn\u00fd, aby sme mohli ochr\u00e1ni\u0165 na\u0161e priority \u2013&nbsp; zn\u00ed\u017ei\u0165 po\u010det pacientov v&nbsp;nemocniciach a zabezpe\u010di\u0165, aby deti a&nbsp;mlad\u00ed \u013eudia mohli pokra\u010dova\u0165 v&nbsp;prezen\u010dnej v\u00fdu\u010dbe aj po Vianociach a&nbsp;vyhli sme sa situ\u00e1cii, ktor\u00e1 nastala minul\u00fd rok, ke\u010f nespr\u00e1vne nastaven\u00e9 opatrenia na konci roka znemo\u017enili de\u0165om chodi\u0165 do \u0161koly \u010fal\u0161ie \u0161tyri mesiace. Nevyhnutn\u00fd je, samozrejme, zodpovedn\u00fd pr\u00edstup n\u00e1s v\u0161etk\u00fdch. M\u00e1me zodpovednos\u0165 vo\u010di sebe, svojim bl\u00edzkym a&nbsp;spoluob\u010danom a&nbsp;m\u00e1me zodpovednos\u0165 vo\u010di de\u0165om, a&nbsp;mlad\u00fdm a&nbsp;ich bud\u00facnosti.\u201c<\/em><\/p>\n\n\n\n<div class=\"wp-block-buttons\">\n<div class=\"wp-block-button\"><a class=\"wp-block-button__link has-background\" href=\"http:\/\/ozrodicia.sk\/wp-content\/uploads\/2021\/11\/Reakcia_otvorene-skoly-25.11.2021.pdf\" style=\"background-color:#dc9018\" target=\"_blank\" rel=\"noreferrer noopener\">Cel\u00e9 stanovisko si m\u00f4\u017eete stiahnu\u0165 tu. (.PDF)<\/a><\/div>\n<\/div>\n\n\n\n<p><strong>Stanovisko dnes podporili:<\/strong><\/p>\n\n\n\n<ol type=\"1\"><li>Andrea Hajd\u00fachov\u00e1, <strong>Iniciat\u00edva Dajme de\u0165om hlas<\/strong>, <a href=\"http:\/\/www.dajmedetomhlas.sk\">www.dajmedetomhlas.sk<\/a><\/li><li>Matej Stu\u0161ka, <strong>OZ Rodicia.sk<\/strong>, <a href=\"http:\/\/www.ozrodicia.sk\">www.ozrodicia.sk<\/a><\/li><li>Marek, Madro, <strong>OZ IP\u010dko.sk<\/strong>, <a href=\"http:\/\/www.ipcko.sk\">www.ipcko.sk<\/a>,<\/li><li>Prof. Andrea Madarasov\u00e1 Geckov\u00e1, PhD,. N\u00e1rodn\u00e1 koordin\u00e1torka medzin\u00e1rodnej \u0161t\u00fadie <strong>Health Behaviour in School-Aged Children<\/strong>, <a href=\"http:\/\/www.hbscslovakia.com\">www.hbscslovakia.com<\/a><\/li><li>Juraj Liz\u00e1k, <strong>Rada ml\u00e1de\u017ee Slovenska<\/strong>, <a href=\"http:\/\/www.mladez.sk\">www.mladez.sk<\/a><\/li><li>Gabriela Kukolov\u00e1, <strong>Asoci\u00e1cia pre ml\u00e1de\u017e, vedu a techniku, AMAVET<\/strong>, <a href=\"http:\/\/www.amavet.sk\">www.amavet.sk<\/a><\/li><li>Marek D\u017ealaj, <strong>Detsk\u00e1 organiz\u00e1cia F\u00c9NIX<\/strong>, o.z., fenix@do-fenix.sk, <a href=\"http:\/\/www.do-fenix.sk\">www.do-fenix.sk<\/a><\/li><li>Daniela \u010corbov\u00e1, <strong>Deti nepo\u010dkaj\u00fa<\/strong>, <a href=\"http:\/\/www.kvalitneskolstvo.sk\">www.kvalitneskolstvo.sk<\/a><\/li><li>Ladislav Baranyai, <strong>\u0160kolsk\u00fd network<\/strong> \u2013 Podpora \u0161k\u00f4l na ceste ich auton\u00f3mneho rozvoja, <a href=\"http:\/\/www.skolskynetwork.sk\">www.skolskynetwork.sk<\/a><\/li><li>Viera Grohov\u00e1, <strong>F\u00f3rum proakt\u00edvnych \u0161k\u00f4l<\/strong>, <a href=\"http:\/\/www.kvalitneskolstvo.sk\">www.kvalitneskolstvo.sk<\/a><\/li><li>Jana Ki\u0161o\u0148ov\u00e1, <strong>Freedu \u2013 vzdel\u00e1vacie centrum<\/strong>, <a href=\"http:\/\/www.freedu.sk\">www.freedu.sk<\/a><\/li><li>Ivan \u0160ulek, prezident, <strong>Slovensk\u00e1 plaveck\u00e1 feder\u00e1cia<\/strong>, <a href=\"http:\/\/www.swimmsvk.sk\">www.swimmsvk.sk<\/a><\/li><li>Martina Le Gall Mal\u00e1kov\u00e1, <strong>Industry Innovation Cluster Slovakia<\/strong>, <a href=\"http:\/\/www.industryinnovationcluster.sk\">www.industryinnovationcluster.sk<\/a><\/li><li>Tibor Gregor, <strong>Klub 500<\/strong>, <a href=\"http:\/\/www.klub500.sk\">www.klub500.sk<\/a><\/li><li>Adriana Erd\u0151sov\u00e1, <strong>Nad\u00e1cia otvorenej spolo\u010dnosti<\/strong>, <a href=\"http:\/\/www.osf.sk\">www.osf.sk<\/a><\/li><li>Eva Markov\u00e1, <strong>OZ Jeden rodi\u010d<\/strong>, <a href=\"http:\/\/www.jedenrodic.sk\">www.jedenrodic.sk<\/a><\/li><li>Jana Feherpataky Kuzmov\u00e1, <strong>In\u0161tit\u00fat pre akt\u00edvne ob\u010dianstvo<\/strong>, <a href=\"http:\/\/www.ipao.sk\">www.ipao.sk<\/a><\/li><li>Vlado Rafael, OZ eduRoma \u2013 Roma Education Project, <a href=\"http:\/\/www.eduroma.sk\">www.eduroma.sk<\/a> &nbsp;<\/li><\/ol>\n\n\n\n<p class=\"has-text-align-right\"><img loading=\"lazy\" width=\"1094\" height=\"322\" class=\"wp-image-9\" style=\"width: 150px;\" src=\"http:\/\/ozrodicia.sk\/wp-content\/uploads\/2020\/05\/RDC2020_logo.png\" alt=\"\" srcset=\"https:\/\/ozrodicia.sk\/wp-content\/uploads\/2020\/05\/RDC2020_logo.png 1094w, https:\/\/ozrodicia.sk\/wp-content\/uploads\/2020\/05\/RDC2020_logo-300x88.png 300w, https:\/\/ozrodicia.sk\/wp-content\/uploads\/2020\/05\/RDC2020_logo-1024x301.png 1024w, https:\/\/ozrodicia.sk\/wp-content\/uploads\/2020\/05\/RDC2020_logo-768x226.png 768w, https:\/\/ozrodicia.sk\/wp-content\/uploads\/2020\/05\/RDC2020_logo-710x210.png 710w\" sizes=\"(max-width: 1094px) 100vw, 1094px\" \/><\/p>\n\n\n\n<p><\/p>\n","protected":false},"excerpt":{"rendered":"<p>Aj zdru\u017eenie Rodi\u010dia.sk sa rozhodlo 25.11.2021 prida\u0165 k&nbsp;tvorbe stanoviska k&nbsp;rozhodnutiu vl\u00e1dy SR nezatvori\u0165 \u0161koly plo\u0161ne a sna\u017ei\u0165 sa urobi\u0165 v\u0161etko [&hellip;]<\/p>\n","protected":false},"author":1,"featured_media":725,"comment_status":"closed","ping_status":"open","sticky":false,"template":"","format":"standard","meta":{"sfsi_plus_gutenberg_text_before_share":"","sfsi_plus_gutenberg_show_text_before_share":"","sfsi_plus_gutenberg_icon_type":"","sfsi_plus_gutenberg_icon_alignemt":"","sfsi_plus_gutenburg_max_per_row":"","_mi_skip_tracking":false,"_monsterinsights_sitenote_active":false,"_monsterinsights_sitenote_note":"","_monsterinsights_sitenote_category":0},"categories":[4],"tags":[],"_links":{"self":[{"href":"https:\/\/ozrodicia.sk\/index.php?rest_route=\/wp\/v2\/posts\/714"}],"collection":[{"href":"https:\/\/ozrodicia.sk\/index.php?rest_route=\/wp\/v2\/posts"}],"about":[{"href":"https:\/\/ozrodicia.sk\/index.php?rest_route=\/wp\/v2\/types\/post"}],"author":[{"embeddable":true,"href":"https:\/\/ozrodicia.sk\/index.php?rest_route=\/wp\/v2\/users\/1"}],"replies":[{"embeddable":true,"href":"https:\/\/ozrodicia.sk\/index.php?rest_route=%2Fwp%2Fv2%2Fcomments&post=714"}],"version-history":[{"count":5,"href":"https:\/\/ozrodicia.sk\/index.php?rest_route=\/wp\/v2\/posts\/714\/revisions"}],"predecessor-version":[{"id":793,"href":"https:\/\/ozrodicia.sk\/index.php?rest_route=\/wp\/v2\/posts\/714\/revisions\/793"}],"wp:featuredmedia":[{"embeddable":true,"href":"https:\/\/ozrodicia.sk\/index.php?rest_route=\/wp\/v2\/media\/725"}],"wp:attachment":[{"href":"https:\/\/ozrodicia.sk\/index.php?rest_route=%2Fwp%2Fv2%2Fmedia&parent=714"}],"wp:term":[{"taxonomy":"category","embeddable":true,"href":"https:\/\/ozrodicia.sk\/index.php?rest_route=%2Fwp%2Fv2%2Fcategories&post=714"},{"taxonomy":"post_tag","embeddable":true,"href":"https:\/\/ozrodicia.sk\/index.php?rest_route=%2Fwp%2Fv2%2Ftags&post=714"}],"curies":[{"name":"wp","href":"https:\/\/api.w.org\/{rel}","templated":true}]}}