{"id":703,"date":"2021-11-23T17:29:15","date_gmt":"2021-11-23T16:29:15","guid":{"rendered":"https:\/\/ozrodicia.sk\/?p=703"},"modified":"2021-11-23T20:47:47","modified_gmt":"2021-11-23T19:47:47","slug":"nesuhlasime-so-sprisnovanim-rezimu-pre-deti-do-12-rokov","status":"publish","type":"post","link":"https:\/\/ozrodicia.sk\/?p=703","title":{"rendered":"Nes\u00fahlas\u00edme s nov\u00fdm re\u017eimom pre deti od 2 do 12 rokov"},"content":{"rendered":"\n<p><strong>V reakcii na Vyhl\u00e1\u0161ky \u00daradu verejn\u00e9ho zdravotn\u00edctva SR&nbsp;(258 a 259)&nbsp;platn\u00fdch k 22.11.2021 sa na\u0161e zdru\u017eenie pridalo k spolo\u010dn\u00e9mu vyhl\u00e1seniu s iniciat\u00edvou Dajme de\u0165om hlas a Radou ml\u00e1de\u017ee Slovenska apeluj\u00facom na prehodnotenie snahy spr\u00eds\u0148ova\u0165 podmienky pr\u00edstupu k mimo\u0161kolsk\u00fdm aktivit\u00e1m pre deti od 2 do 12 rokov.&nbsp; &nbsp;<\/strong><\/p>\n\n\n\n<p>V zmysle nov\u00fdch vyhl\u00e1\u0161ok u\u017e toti\u017e deti od 2 do 12 rokov nie s\u00fa pova\u017eovan\u00e9 za plne zao\u010dkovan\u00e9 a od 22.11. sa nem\u00f4\u017eu z\u00fa\u010dast\u0148ova\u0165 ani tr\u00e9ningov \u010di kr\u00fa\u017ekov v pr\u00edpade, \u017ee ochorenie covid 19 neprekonali, alebo sa nem\u00f4\u017eu preuk\u00e1za\u0165 negat\u00edvnym v\u00fdsledkom testu. Z\u00e1stupcovia Rodi\u010dia.sk s t\u00fdmto pr\u00edstupom nes\u00fahlasia. Ako vyplynulo aj u n\u00e1\u0161ho vlastn\u00e9ho <a href=\"https:\/\/ozrodicia.sk\/?p=630\">prieskumu v septembri 2021<\/a>, rodi\u010dia a \u0161irok\u00e1 verejnos\u0165 si napriek obav\u00e1m ne\u017eel\u00e1 obmedzovanie t\u00fdch najmen\u0161\u00edch. Uvedomuj\u00fa si toti\u017e, ak\u00e9 dopady na ich zdravie m\u00e1 obmedzovanie ich mo\u017enosti by\u0165 v \u0161kole a na kr\u00fa\u017ekoch &#8211; <a href=\"https:\/\/ozrodicia.sk\/?p=590\">vi\u010f prieskum Rodi\u010dia.sk z j\u00fana 2021<\/a>. Mysl\u00edme si, \u017ee <strong>deti by nemali podlieha\u0165 obmedzeniam pri svojich z\u00e1ujmov\u00fdch aktivit\u00e1ch a ak \u0161t\u00e1t vy\u017eaduje testovanie, mali by by\u0165 de\u0165om testy dostupn\u00e9 bezplatne rovnako, ako to funguje v pr\u00edpade prezen\u010dnej v\u00fdu\u010dby.&nbsp;<\/strong><\/p>\n\n\n\n<p><em>\u201cAko spolo\u010dnos\u0165 sme mali dos\u0165 \u010dasu na to, aby sme prijali opatrenia na ochranu zranite\u013en\u00fdch skup\u00edn obyvate\u013estva. Na\u0161e deti sl\u00fa\u017eili ako n\u00e1stroj v boji proti pand\u00e9mii pr\u00edli\u0161 dlho a zanechalo to na nich nezmazate\u013en\u00e9 stopy.&nbsp;<\/em><strong><em>Deti a ml\u00e1de\u017e, zvl\u00e1\u0161\u0165 tie do 12 rokov, neohrozuje pand\u00e9mia tak, ako dopady samotn\u00fdch obmedzen\u00ed, ktor\u00e9 im br\u00e1nia \u017ei\u0165.&nbsp;<\/em><\/strong><em>Pravidl\u00e1 pre prezen\u010dn\u00fa v\u00fdu\u010dbu a mimo\u0161kolsk\u00e9 aktivity mus\u00edme urobi\u0165 tak, aby sme nevytv\u00e1rali \u017eiadne diskrimina\u010dn\u00e9 bari\u00e9ry<\/em><strong><em>.&nbsp;<\/em><\/strong><em>Ak teda napr\u00edklad chceme vy\u017eadova\u0165 testy, mali by im by\u0165 poskytnut\u00e9 rovnako, ako pri \u0161kolskej doch\u00e1dzke, teda bezplatne,\u201d<\/em>&nbsp;hovor\u00ed Matej Stu\u0161ka z o.z.&nbsp;Rodi\u010dia.sk<\/p>\n\n\n\n<p><\/p>\n\n\n\n<p class=\"has-text-align-right\"><img loading=\"lazy\" width=\"1094\" height=\"322\" class=\"wp-image-9\" style=\"width: 150px;\" src=\"http:\/\/ozrodicia.sk\/wp-content\/uploads\/2020\/05\/RDC2020_logo.png\" alt=\"\" srcset=\"https:\/\/ozrodicia.sk\/wp-content\/uploads\/2020\/05\/RDC2020_logo.png 1094w, https:\/\/ozrodicia.sk\/wp-content\/uploads\/2020\/05\/RDC2020_logo-300x88.png 300w, https:\/\/ozrodicia.sk\/wp-content\/uploads\/2020\/05\/RDC2020_logo-1024x301.png 1024w, https:\/\/ozrodicia.sk\/wp-content\/uploads\/2020\/05\/RDC2020_logo-768x226.png 768w, https:\/\/ozrodicia.sk\/wp-content\/uploads\/2020\/05\/RDC2020_logo-710x210.png 710w\" sizes=\"(max-width: 1094px) 100vw, 1094px\" \/><\/p>\n\n\n\n<div class=\"wp-block-buttons\">\n<div class=\"wp-block-button\"><a class=\"wp-block-button__link has-background\" href=\"http:\/\/ozrodicia.sk\/wp-content\/uploads\/2021\/11\/TS_opatrenia-pre-deti-do-12-rokov-nov21.2021.pdf\" style=\"background-color:#dc9018\" target=\"_blank\" rel=\"noreferrer noopener\">Cel\u00e9 stanovisko si m\u00f4\u017eete stiahnu\u0165 tu. (.PDF)<\/a><\/div>\n<\/div>\n\n\n\n<p><\/p>\n","protected":false},"excerpt":{"rendered":"<p>V reakcii na Vyhl\u00e1\u0161ky \u00daradu verejn\u00e9ho zdravotn\u00edctva SR&nbsp;(258 a 259)&nbsp;platn\u00fdch k 22.11.2021 sa na\u0161e zdru\u017eenie pridalo k spolo\u010dn\u00e9mu vyhl\u00e1seniu s [&hellip;]<\/p>\n","protected":false},"author":1,"featured_media":311,"comment_status":"closed","ping_status":"open","sticky":false,"template":"","format":"standard","meta":{"sfsi_plus_gutenberg_text_before_share":"","sfsi_plus_gutenberg_show_text_before_share":"","sfsi_plus_gutenberg_icon_type":"","sfsi_plus_gutenberg_icon_alignemt":"","sfsi_plus_gutenburg_max_per_row":"","_mi_skip_tracking":false,"_monsterinsights_sitenote_active":false,"_monsterinsights_sitenote_note":"","_monsterinsights_sitenote_category":0},"categories":[4],"tags":[],"_links":{"self":[{"href":"https:\/\/ozrodicia.sk\/index.php?rest_route=\/wp\/v2\/posts\/703"}],"collection":[{"href":"https:\/\/ozrodicia.sk\/index.php?rest_route=\/wp\/v2\/posts"}],"about":[{"href":"https:\/\/ozrodicia.sk\/index.php?rest_route=\/wp\/v2\/types\/post"}],"author":[{"embeddable":true,"href":"https:\/\/ozrodicia.sk\/index.php?rest_route=\/wp\/v2\/users\/1"}],"replies":[{"embeddable":true,"href":"https:\/\/ozrodicia.sk\/index.php?rest_route=%2Fwp%2Fv2%2Fcomments&post=703"}],"version-history":[{"count":3,"href":"https:\/\/ozrodicia.sk\/index.php?rest_route=\/wp\/v2\/posts\/703\/revisions"}],"predecessor-version":[{"id":715,"href":"https:\/\/ozrodicia.sk\/index.php?rest_route=\/wp\/v2\/posts\/703\/revisions\/715"}],"wp:featuredmedia":[{"embeddable":true,"href":"https:\/\/ozrodicia.sk\/index.php?rest_route=\/wp\/v2\/media\/311"}],"wp:attachment":[{"href":"https:\/\/ozrodicia.sk\/index.php?rest_route=%2Fwp%2Fv2%2Fmedia&parent=703"}],"wp:term":[{"taxonomy":"category","embeddable":true,"href":"https:\/\/ozrodicia.sk\/index.php?rest_route=%2Fwp%2Fv2%2Fcategories&post=703"},{"taxonomy":"post_tag","embeddable":true,"href":"https:\/\/ozrodicia.sk\/index.php?rest_route=%2Fwp%2Fv2%2Ftags&post=703"}],"curies":[{"name":"wp","href":"https:\/\/api.w.org\/{rel}","templated":true}]}}