{"id":305,"date":"2020-12-21T09:32:08","date_gmt":"2020-12-21T08:32:08","guid":{"rendered":"http:\/\/ozrodicia.sk\/?p=305"},"modified":"2021-05-21T07:52:30","modified_gmt":"2021-05-21T05:52:30","slug":"frustracii-rodicov-pocas-pandemie-sa-necudujte-akumulovala-sa-uz-roky","status":"publish","type":"post","link":"https:\/\/ozrodicia.sk\/?p=305","title":{"rendered":"Frustr\u00e1cii rodi\u010dov po\u010das pand\u00e9mie sa ne\u010dudujte, akumulovala sa u\u017e roky"},"content":{"rendered":"\n<p><strong>Mnoh\u00fdm pr\u00eddu prejavy nespokojnosti rodi\u010dov po\u010das pand\u00e9mie ako prehnan\u00e9. Nech\u00e1pu to rozhor\u010denie kv\u00f4li zavret\u00fdm \u0161kol\u00e1m \u010di z\u00e1ujmov\u00fdm kr\u00fa\u017ekom. Ve\u010f m\u00f4\u017eeme pracova\u0165 z domu. Niektor\u00ed. A deti maj\u00fa online vyu\u010dovanie. Mnoh\u00e9. Pre pochopenie dne\u0161n\u00fdch em\u00f3ci\u00ed rodi\u010dov je ale potrebn\u00e9 vn\u00edma\u0165 aj ich dlhodob\u00e9 starosti, nielen tie dne\u0161n\u00e9.&nbsp;&nbsp;&nbsp;&nbsp;<\/strong><\/p>\n\n\n\n<p>Dnes m\u00e1 zrejme najv\u00fdznamnej\u0161\u00ed vplyv na na\u0161u spolo\u010dnos\u0165 pr\u00e1ve gener\u00e1cia tzv. <a href=\"https:\/\/sk.wikipedia.org\/wiki\/Hus%C3%A1kove_deti\">\u201cHus\u00e1kov\u00fdch det\u00ed\u201d<\/a>. Riadia s\u00fakromn\u00e9 firmy, \u00farady, oddelenia nemocn\u00edc, sedia v zastupite\u013estv\u00e1ch, u\u010dia na \u0161kol\u00e1ch, s\u00fa zn\u00e1mymi \u0161portovcami \u010di umelcami. Okrem toho sa z nich v\u0161ak zv\u00e4\u010d\u0161a stali aj rodi\u010dia a \u010delia zauj\u00edmav\u00e9mu paradoxu. <strong>V\u0161etko, po \u010dom v detstve v 80.-tych rokoch t\u00fa\u017eili, ich deti maj\u00fa \u010dasto na po\u010dkanie, ale mnoho z toho, \u010do pova\u017eovali za samozrejmos\u0165, dnes a\u017e takou samozrejmos\u0165ou nie je<\/strong>. Aby si toto uvedomenie vychutnali a\u017e do dna, pand\u00e9mia v roku 2020 na nich uvalila obmedzenia v takom rozsahu, ak\u00fd si v spojen\u00ed so svojim rodi\u010dovstvom nikdy nepredstavovali.&nbsp; <strong>&nbsp;&nbsp;&nbsp;&nbsp;&nbsp;&nbsp;&nbsp;<\/strong> <\/p>\n\n\n\n<p>Aj ja som s\u00fa\u010das\u0165ou tejto gener\u00e1cie a boli sme posledn\u00e1 siln\u00e1 gener\u00e1cia, kedy sa ro\u010dne rodilo takmer 100.000 det\u00ed ro\u010dne. Dnes u\u017e je to len polovica a zd\u00f4raz\u0148ujem, \u017ee bu\u010fme v\u010fa\u010dn\u00ed aj za to, lebo vychov\u00e1va\u0165 dnes deti nie je v\u00f4bec jednoduch\u00e9 a v\u00e4\u010d\u0161inou ani lacn\u00e9.<\/p>\n\n\n\n<figure class=\"wp-block-image size-full\"><img loading=\"lazy\" width=\"633\" height=\"344\" src=\"https:\/\/ozrodicia.sk\/wp-content\/uploads\/2020\/12\/Obr\u00e1zok1.png\" alt=\"\" class=\"wp-image-306\" srcset=\"https:\/\/ozrodicia.sk\/wp-content\/uploads\/2020\/12\/Obr\u00e1zok1.png 633w, https:\/\/ozrodicia.sk\/wp-content\/uploads\/2020\/12\/Obr\u00e1zok1-300x163.png 300w\" sizes=\"(max-width: 633px) 100vw, 633px\" \/><\/figure>\n\n\n\n<p>Ako potvrdzuj\u00fa aj \u0161tatistiky, sloboda a pr\u00edle\u017eitosti po-prevratov\u00fdch rokov \u013eud\u00ed oh\u00farili, mlad\u00fdch zvl\u00e1\u0161\u0165. Rozp\u0155chli sa do sveta cestova\u0165, \u0161tudova\u0165, mnoh\u00ed za\u010dali horlivo podnika\u0165. Rodi\u010dovstvo nebolo prioritou, pre mnoh\u00fdch ani t\u00e9mou\u2026 <strong>Takto to bolo a\u017e do roku 2003, kedy sa krivka p\u00f4rodnosti za\u010dala dv\u00edha\u0165 a okolo roku 2008 nastal napr\u00edklad v Bratislave mierny \u201cbaby-boom\u201d. <\/strong>Skromn\u00fd, ale d\u00f4le\u017eit\u00fd. Zrazu sa tehotenstvo a deti stali genera\u010dnou t\u00e9mou, individu\u00e1lne pl\u00e1ny a vo\u013eno\u010dasov\u00e1 z\u00e1bava \u0161li pre mnoh\u00fdch pomaly do \u00fazadia. Majitelia klubov v Bratislave by zaiste s\u00fahlasne povzdychli\u2026 Ka\u017ed\u00e1 \u00e9ra niekedy skon\u010d\u00ed a za\u010dne sa nov\u00e1. Tak tomu bolo aj v tomto pr\u00edpade.<\/p>\n\n\n\n<h3 class=\"has-text-color\" style=\"color:#dc9018\"><strong>Nov\u00e9 priority, nov\u00e9 probl\u00e9my<\/strong><\/h3>\n\n\n\n<p>Na\u0161e mysle za\u010dali okupova\u0165 \u00faplne nov\u00e9 my\u0161lienky a starosti. U niekoho to bola u\u017e starostlivos\u0165 o novonaroden\u00e9 die\u0165a, u niekoho len snaha po\u010da\u0165, u in\u00fdch uvedomenie si, \u017ee potrebuj\u00fa partnera aj na norm\u00e1lny \u017eivot, nie len na \u017e\u00farovanie, mnoh\u00ed si za\u010dali h\u013eada\u0165 rodinn\u00e9 b\u00fdvanie. T\u00e1to zmena z\u00e1rove\u0148 v\u00fdznamne ovplyvnila na\u0161e vn\u00edmanie sveta okolo n\u00e1s &#8211; n\u00e1\u0161ho spolo\u010denstva, vz\u0165ahu s rodi\u010dmi, zamestnania, b\u00fdvania a samozrejme vn\u00edmania seba sam\u00fdch v tom v\u0161etkom. Ako s\u00e1m \u010dasto kon\u0161tatujem, v\u00f4bec som napr\u00edklad dovtedy nevn\u00edmal vo svojom okol\u00ed deti. Akoby nikde neboli. Ihrisk\u00e1 sa rozpadli presne s na\u0161im dospievan\u00edm (90.-te roky&#8230;), v obchodoch som mami\u010dku s die\u0165a\u0165om videl zriedkavej\u0161ie ako so psom.<\/p>\n\n\n\n<p><strong>Nov\u00e9 probl\u00e9my v\u0161ak odhalili aj nie\u010do, \u010do v\u00e4\u010d\u0161inu z na\u0161ej gener\u00e1cie dovtedy nezauj\u00edmalo &#8211; stav verejn\u00fdch priestranstiev a verejn\u00fdch slu\u017eieb, alebo inak povedan\u00e9, stav v\u0161etk\u00e9ho, \u010do dovtedy nepotrebovali.<\/strong> Zrazu, s die\u0165a\u0165om v ruke, v ko\u010d\u00edku, \u010di na odr\u00e1\u017eadle sme poc\u00edtili, v akom stave s\u00fa chodn\u00edky, ihrisk\u00e1, z\u00e1stavky, cesty, \u010dak\u00e1rne u lek\u00e1ra, p\u00f4rodn\u00e9 s\u00e1ly, \u0161koly a \u0161kolsk\u00e9 dvory\u2026 <strong>&nbsp;<\/strong><\/p>\n\n\n\n<figure class=\"wp-block-image size-full\"><img loading=\"lazy\" width=\"633\" height=\"430\" src=\"https:\/\/ozrodicia.sk\/wp-content\/uploads\/2020\/12\/Obr\u00e1zok2.jpg\" alt=\"\" class=\"wp-image-307\" srcset=\"https:\/\/ozrodicia.sk\/wp-content\/uploads\/2020\/12\/Obr\u00e1zok2.jpg 633w, https:\/\/ozrodicia.sk\/wp-content\/uploads\/2020\/12\/Obr\u00e1zok2-300x204.jpg 300w\" sizes=\"(max-width: 633px) 100vw, 633px\" \/><figcaption><em>Rodi\u010dia v Spi\u0161skej novej Vsi spisuj\u00fa pet\u00edciu proti zru\u0161eniu \u0161k\u00f4lky. Zdroj: <\/em><a href=\"https:\/\/korzar.sme.sk\/?ref=tlogo\"><em>Korz\u00e1r<\/em><\/a><em> <\/em><a href=\"https:\/\/spis.korzar.sme.sk\/?ref=tlogo-sek\"><em>Spi\u0161<\/em><\/a><em>, 9. apr\u00edl 2019<\/em><\/figcaption><\/figure>\n\n\n\n<p>Na\u0161a kritickos\u0165 a nespokojnos\u0165 je dnes o to v\u00e4\u010d\u0161ia, \u017ee deti dnes plodia v\u00e4\u010d\u0161inou p\u00e1ry po 30-ke, \u010dasto 40-ke, \u010di\u017ee profesne etablovan\u00ed a&nbsp;sk\u00f4r u\u017e zodpovedne konaj\u00faci \u013eudia, ktor\u00ed maj\u00fa o&nbsp;to vy\u0161\u0161ie n\u00e1roky na fungovanie sveta okolo seba. Vo svojich profesi\u00e1ch patria \u010dasto u\u017e k&nbsp;t\u00fdm najv\u00fdkonnej\u0161\u00edm, preto\u017ee u\u017e maj\u00fa sk\u00fasenosti a st\u00e1le e\u0161te vl\u00e1dzu. V\u00e4\u010d\u0161ina z n\u00e1s nedostala ni\u010d zadarmo, naopak, museli sme od \u0161koly bojova\u0165 v prostred\u00ed, ktor\u00e9mu na\u0161i rodi\u010dia rozumeli len \u010diasto\u010dne. O&nbsp;to viac si&nbsp;dnes v\u00e1\u017eime vo\u013en\u00fd \u010das, ktor\u00fd m\u00f4\u017eeme str\u00e1vi\u0165 pod\u013ea svojho uv\u00e1\u017eenia a&nbsp;aj preto <strong>sme frustrovan\u00ed, ak veci okolo n\u00e1s, ktor\u00e9 by mali by\u0165 samozrejmos\u0165ou, nefunguj\u00fa, alebo funguj\u00fa zle a oberaj\u00fa n\u00e1s o tony energie.<\/strong><\/p>\n\n\n\n<p>Mnoh\u00ed sa pod \u0165archou tej frustr\u00e1cie za\u010dali aj akt\u00edvne verejne anga\u017eova\u0165, ale v\u00e4\u010d\u0161ina sa e\u0161te st\u00e1le racion\u00e1lne vyh\u00fdba anga\u017eovaniu v politike, pr\u00edpadne si nevie predstavi\u0165 preru\u0161enie svojej rozbehnutej profesion\u00e1lnej kari\u00e9ry v&nbsp;prospech neistej dr\u00e1hy vo verejnej spr\u00e1ve.<\/p>\n\n\n\n<p>Faktom v\u0161ak je, \u017ee tu dnes m\u00e1me mimoriadne siln\u00fa gener\u00e1ciu \u013eud\u00ed, ktor\u00e1 vzh\u013eadom na svoj vek a&nbsp;najm\u00e4 schopnosti \u0165ah\u00e1 t\u00fato ekonomiku, ale u\u017e popri tom aj vychov\u00e1va deti. A vychov\u00e1vaj\u00fa ich v\u00e4\u010d\u0161inou tak, aby boli e\u0161te lep\u0161\u00ed ako oni sami, e\u0161te viac vyu\u017e\u00edvaj\u00faci potenci\u00e1l seba sam\u00fdch a sveta okolo nich. Z\u00e1rove\u0148 ale na plecia tejto gener\u00e1cie za\u010d\u00edna pada\u0165 zodpovednos\u0165 za svojich rodi\u010dov, tej silnej povojnovej gener\u00e1cie, ktor\u00e1 u\u017e m\u00e1 okolo 70 rokov a u\u017e za\u010d\u00edna potrebova\u0165 zasl\u00fa\u017een\u00fa pomoc. <strong>A uprostred toho v\u0161etk\u00e9ho zis\u0165uj\u00fa, \u017ee zdanlivo samozrejm\u00e9 veci nie s\u00fa dostupn\u00e9, alebo za ne musia v\u0161ade nie\u010do dopl\u00e1ca\u0165. \u010cas, \u010fal\u0161iu energiu aj financie.<\/strong> Aj to je d\u00f4vod n\u00e1rastu dlhodobej frustr\u00e1cie, ktor\u00fa si ventiluj\u00fa r\u00f4znymi sp\u00f4sobmi. Niektor\u00ed chv\u00e1lyhodne zakladan\u00edm ob\u010dianskych iniciat\u00edv a neziskov\u00fdch organiz\u00e1cii, v&nbsp;ktor\u00fdch sa sna\u017eia aspo\u0148 v konkr\u00e9tnej t\u00e9me alebo lokalite nie\u010do pre zmenu pomerov urobi\u0165. Ale verte mi, \u017ee to stoj\u00ed \u010dloveka ve\u013emi ve\u013ea s\u00edl a ke\u010f sa zmena aj tak nedostavuje, pocit frustr\u00e1cie e\u0161te viac narast\u00e1.<\/p>\n\n\n\n<figure class=\"wp-block-image size-full is-style-default\"><img loading=\"lazy\" width=\"633\" height=\"356\" src=\"https:\/\/ozrodicia.sk\/wp-content\/uploads\/2020\/12\/Obr\u00e1zok3.jpg\" alt=\"\" class=\"wp-image-308\" srcset=\"https:\/\/ozrodicia.sk\/wp-content\/uploads\/2020\/12\/Obr\u00e1zok3.jpg 633w, https:\/\/ozrodicia.sk\/wp-content\/uploads\/2020\/12\/Obr\u00e1zok3-300x169.jpg 300w\" sizes=\"(max-width: 633px) 100vw, 633px\" \/><figcaption><em>Ilustra\u010dn\u00e9 foto zo seri\u00e1lu The Breeders (Rodi\u010dia) z dielne HBO.<\/em><\/figcaption><\/figure>\n\n\n\n<h3 class=\"has-text-color\" style=\"color:#dc9018\"><strong><strong>Ospal\u00e9 reakcie verejnej politiky<\/strong><\/strong><\/h3>\n\n\n\n<p>\u010cakali sme, \u017ee ke\u010f za\u010dn\u00fa prib\u00fada\u0165 deti, zv\u00fd\u0161i to z\u00e1konite pozornos\u0165 verejnej politiky a nasmeruje mas\u00edvnej\u0161ie invest\u00edcie \u0161t\u00e1tu a samospr\u00e1v pr\u00e1ve do tejto oblasti. Ve\u010f \u010do je viac pre na\u0161u bud\u00facnos\u0165, ako nov\u00e9 gener\u00e1cie det\u00ed, no nie? <strong>Vy\u0161e dek\u00e1dy spolo\u010dnos\u0165 hundrala, \u017ee vymierame a ke\u010f sa to za\u010dne zlep\u0161ova\u0165, \u017eiadna adekv\u00e1tna odozva.<\/strong>.. Za seba poviem, \u017ee nejak\u00fa zmenu bada\u0165, ale t\u00e1 bohu\u017eia\u013e v\u00f4bec nesta\u010d\u00ed na zvr\u00e1tenie deficitu, ktor\u00fd sa tu za posledn\u00fdch 20 a\u017e 30 rokov nahromadil. Samospr\u00e1vy za\u010dali reagova\u0165 sk\u00f4r ako \u0161t\u00e1tna spr\u00e1va, preto\u017ee s\u00fa probl\u00e9mom bli\u017e\u0161ie a maj\u00fa intenz\u00edvnej\u0161\u00ed kontakt s \u013eu\u010fmi. Z\u00e1rove\u0148 v\u0161ak plat\u00ed, \u017ee mnoho zo spom\u00ednan\u00fdch kompetenci\u00ed u\u017e medzit\u00fdm ofici\u00e1lne le\u017e\u00ed na ich pleciach, \u010di\u017ee nemali na v\u00fdber. Ale st\u00e1le je to slab\u00e9. A me\u0161k\u00e1 to! Je ve\u013emi pravdepodobn\u00e9, \u017ee dne\u0161n\u00e1 gener\u00e1cia det\u00ed a rodi\u010dov sa skuto\u010dnej zmeny ani nedo\u010dk\u00e1.&nbsp;<\/p>\n\n\n\n<p>Ve\u010f sk\u00fasme si polo\u017ei\u0165 tieto ot\u00e1zky:<\/p>\n\n\n\n<ul><li>Pre\u010do dnes \u017eeny rodia v podstate v t\u00fdch ist\u00fdch podmienkach ako pred 50 rokmi?<\/li><li>Pre\u010do u\u017e vymizli verejn\u00e9 jasle?&nbsp;<\/li><li>Ako je mo\u017en\u00e9, \u017ee pre deti miestnych obyvate\u013eov \u010dasto nie je dos\u0165 miest v \u0161k\u00f4lkach!?<\/li><li>Pre\u010do je tak n\u00e1ro\u010dn\u00e9 dosta\u0165 sa ku kvalitnej zdravotnej starostlivosti?<\/li><li>Pre\u010do na\u0161e deti chodia do \u0161k\u00f4l, ktor\u00e9 s\u00fa v hor\u0161om stave ako ke\u010f sme tam chodili my?<\/li><li>Pre\u010do kv\u00f4li be\u017en\u00fdm aktivit\u00e1m mus\u00edme deti vozi\u0165 po meste ako taxik\u00e1ri?<\/li><li>Pre\u010do sa za v\u0161etko vlastne mus\u00ed dopl\u00e1ca\u0165? Deti s\u00fa nad\u0161tandard?!<\/li><li>A ako je mo\u017en\u00e9, \u017ee seri\u00f3zne \u0161ir\u0161ie politick\u00e9 diskusie s\u00fa tak zriedka o t\u00fdchto probl\u00e9moch alebo o tom, ako si t\u00e1to krajina predstavuje svoju bud\u00facnos\u0165?<\/li><\/ul>\n\n\n\n<p>Mojim cie\u013eom nie je niekoho konkr\u00e9tneho za tento stav obvi\u0148ova\u0165. <strong>Lebo za tento stav je zodpovedn\u00e1 cel\u00e1 spolo\u010dnos\u0165, ktorej zjavne vy\u0161e \u0161tvr\u0165 storo\u010dia nevadil \u00fapadok prostredia a verejn\u00fdch slu\u017eieb pre rodiny s de\u0165mi<\/strong>. Som si celkom ist\u00fd, \u017ee rodi\u010dom to vadilo, ale je zjavn\u00e9, \u017ee ich potreby nikto nevn\u00edmal ako dostato\u010dne d\u00f4le\u017eit\u00e9. Neboli zrejme dos\u0165 hlasn\u00ed a vidite\u013en\u00ed.<\/p>\n\n\n\n<h3 class=\"has-text-color\" style=\"color:#dc9018\"><strong><strong><strong>Karant\u00e9na ako moment definit\u00edvneho vytriezvenia? Kie\u017e by&#8230;<\/strong><\/strong><\/strong><\/h3>\n\n\n\n<p>Karant\u00e9na s\u00favisiaca s pand\u00e9miou koronav\u00edrusu bola tento rok, a bohu\u017eia\u013e st\u00e1le zost\u00e1va,&nbsp; pre rodi\u010dov naozajstnou sk\u00fa\u0161kou \u017eivota. Mnoh\u00ed ju popisuj\u00fa ako peklo na zemi, in\u00ed ako zl\u00fd sen, ktor\u00fd sa nie a nie skon\u010di\u0165, mnoh\u00ed sa pok\u00fa\u0161aj\u00fa na tento stav zvykn\u00fa\u0165, lebo koniec sa zd\u00e1 by\u0165 v nedoh\u013eadne. Ale mo\u017eno sa aj v tomto \u0165a\u017ekom obdob\u00ed, kedy pre\u017e\u00edvame u\u017e tretiu vlnu obmedzen\u00ed pre n\u00e1s a na\u0161e rodiny, daj\u00fa n\u00e1js\u0165 aj svetl\u00e9 momenty. Niektor\u00ed si po\u010das jarnej vlny pand\u00e9mie pochva\u013eovali intenz\u00edvnej\u0161\u00ed \u010das str\u00e1ven\u00fd v kruhu rodiny (ten minul\u00fd \u010das preto, lebo aj tejto radosti sa mnoh\u00ed u\u017e pres\u00fdtili&#8230;), mnoh\u00ed otvorene prizn\u00e1vaj\u00fa pod tlakom ka\u017edodenn\u00e9ho kontaktu s pand\u00e9miou pozit\u00edvne zmeny svojho hodnotov\u00e9ho rebr\u00ed\u010dka. <strong>Vo vz\u0165ahu k vy\u0161\u0161ie uvedenej dlhodobej realite Slovenska sa v\u0161ak zv\u00fdraznili mnoh\u00e9 chronick\u00e9 nedostatky &#8211; skostnaten\u00e9 \u0161kolstvo nepripraven\u00e9 na potreby a v\u00fdzvy 21. storo\u010dia, zdravotn\u00edctvo tr\u00e1piace sa na hraniciach svojich mo\u017enost\u00ed, a nakoniec v\u0161adepr\u00edtomn\u00e1 neschopnos\u0165 prij\u00edma\u0165 konsenzu\u00e1lne, preh\u013eadn\u00e9 a zmyslupln\u00e9 opatrenia h\u013eadiace aspo\u0148 tro\u0161ku za horizont.<\/strong><\/p>\n\n\n\n<p>\u010co v\u0161ak m\u0148a ako rodi\u010da po\u010das tzv. druhej vlny pand\u00e9mie zarazilo najviac, bol pr\u00edstup n\u00e1s ako krajiny k de\u0165om, ml\u00e1de\u017ei, a ich rodi\u010dom. Sp\u00f4sob, ak\u00fdm sme sa vysporiadali s cel\u00fdm \u0161kolstvom je symbolom na\u0161ej absol\u00fatnej laxnosti pokia\u013e ide o t\u00e9mu vzdel\u00e1vania a investovania do na\u0161ej vlastnej bud\u00facnosti &#8211; teda do det\u00ed a ml\u00e1de\u017ee. Vzdel\u00e1vanie, \u0161port, kult\u00faru a umenie sme ako krajina obetovali s \u013eahkos\u0165ou, ktor\u00e1 cynicky symbolizuje na\u0161u neschopnos\u0165, a evidentne aj nez\u00e1ujem, ich rozv\u00edja\u0165 ako piliere na\u0161ej spolo\u010dnej bud\u00facnosti.&nbsp; Ven\u010denie psov malo prednos\u0165 pred prech\u00e1dzkami det\u00ed na vzduchu, kin\u00e1, fitness centr\u00e1 \u010di kr\u010dmy boli prvoradej\u0161ie ako \u0161koly. Aj ke\u010f rodi\u010dia, u\u010ditelia, psychol\u00f3govia a zodpovedn\u00fd minister bij\u00fa na poplach a \u017eiadaj\u00fa znovu vr\u00e1ti\u0165 \u010do najviac det\u00ed do \u0161koly, ako krajina to nevn\u00edmame ako prioritu ale len ako jeden z probl\u00e9mov vy\u017eaduj\u00facich rie\u0161enie.&nbsp;&nbsp;&nbsp;<\/p>\n\n\n\n<figure class=\"wp-block-image size-full is-style-default\"><img loading=\"lazy\" width=\"633\" height=\"356\" src=\"https:\/\/ozrodicia.sk\/wp-content\/uploads\/2020\/12\/Obr\u00e1zok4.jpg\" alt=\"\" class=\"wp-image-309\" srcset=\"https:\/\/ozrodicia.sk\/wp-content\/uploads\/2020\/12\/Obr\u00e1zok4.jpg 633w, https:\/\/ozrodicia.sk\/wp-content\/uploads\/2020\/12\/Obr\u00e1zok4-300x169.jpg 300w\" sizes=\"(max-width: 633px) 100vw, 633px\" \/><figcaption>Zdroj obr\u00e1zku: The Daily Mash. <strong>Rodi\u010d, ktor\u00fd stihol die\u0165a zavies\u0165 na tr\u00e9ning\u2026<\/strong><\/figcaption><\/figure>\n\n\n\n<h3 class=\"has-text-color\" style=\"color:#dc9018\"><strong><strong><strong><strong>\u201cNem\u00e9mu ani vlastn\u00e1 mater nerozumie\u201d<\/strong><\/strong><\/strong><\/strong><\/h3>\n\n\n\n<p>Rok pand\u00e9mie teda okrem nefunk\u010dnosti, pr\u00edpadne zanedbanosti, verejn\u00fdch syst\u00e9mov uk\u00e1zal aj na to, \u017ee rodi\u010dov nikto nepova\u017euje za zvl\u00e1\u0161\u0165 podstatn\u00fa skupinu obyvate\u013estva, s ktorou by sa malo pri riaden\u00ed vec\u00ed verejn\u00fdch debatova\u0165. <strong>Rodi\u010dia si preto musia uvedomi\u0165, \u017ee svoje potreby musia vedie\u0165 formulova\u0165 a komunikova\u0165, in\u00e1\u010d si ich nikto nev\u0161imne, a o ich potreb\u00e1ch bud\u00fa rozhodova\u0165 t\u00ed, ktor\u00ed ich starosti poznaj\u00fa len sprostredkovane, alebo svoj z\u00e1ujem o ne len predstieraj\u00fa.<\/strong> Musia vyu\u017e\u00edva\u0165 v\u0161etky legit\u00edmne n\u00e1stroje tak, ako to rob\u00ed s\u00fakromn\u00e1 sf\u00e9ra \u010di in\u00e9 spolo\u010densk\u00e9 skupiny. Nie je norm\u00e1lne, aby napr. fitness tr\u00e9neri \u010di majitelia zvierat mali pri tvorbe pravidiel spolo\u010dnosti silnej\u0161\u00ed hlas ako rodi\u010dia s de\u0165mi. N\u00e1stroje na to s\u00fa, ale treba ich vyu\u017e\u00edva\u0165! Na \u0161kol\u00e1ch m\u00e1me \u0161kolsk\u00e9 rady \u010di zdru\u017eenia rodi\u010dov, v obciach a mest\u00e1ch zastupite\u013estv\u00e1. Vyu\u017e\u00edvame ich, zap\u00e1jame sa do rozhodovania? Ka\u017ed\u00fd nech si odpovie s\u00e1m. S\u0165a\u017eova\u0165 sa vie toti\u017e ka\u017ed\u00fd, ale zapoji\u0165 sa do spolurozhodovania a nies\u0165 tak diel zodpovednosti u\u017e m\u00e1lokto.&nbsp;<\/p>\n\n\n\n<p><strong>Rodi\u010dia potrebuj\u00fa svoj hlas v na\u0161ej spolo\u010dnosti a miesto pri stole, kde sa robia d\u00f4le\u017eit\u00e9 rozhodnutia a tvoria verejn\u00e9 politiky na v\u0161etk\u00fdch \u00farovniach.<\/strong> Ve\u013ek\u00e1 v\u010faka preto patr\u00ed v\u0161etk\u00fdm, ktor\u00ed sa anga\u017euj\u00fa a ne\u00fanavne bojuj\u00fa za men\u0161ie \u010di v\u00e4\u010d\u0161ie ciele v prospech rod\u00edn s de\u0165mi na Slovensku. Vo svojej komunik\u00e1cii v\u0161ak mus\u00edme by\u0165 jednotnejs\u00ed, konzistentnej\u0161\u00ed a argumenta\u010dne dostato\u010dne siln\u00ed. <strong>Aby sme o tom len nemudrovali, vytvorili sme platformu, ktor\u00e1 by tomu mohla pom\u00f4c\u0165 &#8211; <\/strong><a href=\"http:\/\/www.ozrodicia.sk\"><strong>OZ Rodi\u010dia.sk<\/strong><\/a><strong>. <\/strong>Zatia\u013e sme len skupina nad\u0161en\u00fdch rodi\u010dov, ktor\u00ed maj\u00fa profesn\u00e9 sk\u00fasenosti mnoh\u00fdch oblastiach, od marketingu a komunik\u00e1cie, cez ekon\u00f3miu a personalistiku, a\u017e po lobing \u010di advok\u00e1ciu. Na\u0161e rady sa postupne rozrastaj\u00fa o mno\u017estvo \u0161ikovn\u00fdch \u013eud\u00ed ochotn\u00fdch pripoji\u0165 sa. Preto ver\u00edm, \u017ee \u010doskoro vst\u00fapime akt\u00edvne do celospolo\u010densk\u00fdch deb\u00e1t a za\u010dneme by\u0165 s\u00fa\u010das\u0165ou premeny na\u0161ej spolo\u010dnosti zdola, \u010di\u017ee presne tak, ako to v demokracii m\u00e1 by\u0165. <strong>Ver\u00edme, \u017ee aj v\u010faka n\u00e1m bude spolo\u010dn\u00fd hlas silnej\u0161\u00ed a neprehliadnute\u013en\u00fd a o pr\u00edbehoch rodi\u010dov sa v spolo\u010dnosti bude hovori\u0165 viac ako o infantiln\u00fdch po\u010dinoch na\u0161ich presudoel\u00edt.&nbsp;<\/strong><\/p>\n\n\n\n<p>Som presved\u010den\u00fd, \u017ee pr\u00e1ve my rodi\u010dia vieme pon\u00faknu\u0165 nielen kritiku, ale aj zauj\u00edmav\u00e9 rie\u0161enia pre na\u0161u spolo\u010dnos\u0165, ktor\u00fdch realiz\u00e1cia nemus\u00ed by\u0165 \u010dasto ani n\u00e1ro\u010dn\u00e1. Be\u017ene tak\u00e9to rie\u0161enia prin\u00e1\u0161ame pre firmy, \u00farady, \u010di neziskov\u00e9 projekty v r\u00e1mci na\u0161ich zamestnan\u00ed. Tieto v\u0161ak chceme prinies\u0165 sami pre seba, pre komunity v na\u0161om okol\u00ed a cel\u00e9 Slovensko. Na\u0161a motiv\u00e1cia je tak \u00faprimn\u00e1, ak\u00e1 len m\u00f4\u017ee by\u0165, preto\u017ee na konci d\u0148a n\u00e1m ide o lep\u0161\u00ed svet pre na\u0161e deti. \u010co urob\u00edme alebo neurob\u00edme dnes, sa n\u00e1m cez na\u0161e deti vr\u00e1ti, \u010di chceme, alebo nie.<\/p>\n\n\n\n<p><strong>Ke\u010f teda najbli\u017e\u0161ie uvid\u00edte vystresovan\u00e9ho rodi\u010da v obchode s telef\u00f3nom na uchu, alebo v z\u00e1pche s de\u0165mi na zadn\u00fdch sedadl\u00e1ch, pozrite sa okolo seba a sk\u00faste sa zamyslie\u0165, \u010di vid\u00edte krajinu, ktorej naozaj z\u00e1le\u017e\u00ed na rodin\u00e1ch s de\u0165mi a vytv\u00e1ra preto pre nich vyhovuj\u00face podmienky na \u017eivot&#8230;&nbsp;&nbsp;<\/strong><\/p>\n\n\n\n<p><\/p>\n\n\n\n<p>Zdroj: WEF PRESS RELEASE<\/p>\n\n\n\n<p><\/p>\n\n\n\n<p class=\"has-text-align-right has-text-color has-medium-font-size\" style=\"color:#dc9018\"><strong>Matej Stu\u0161ka<\/strong>  <img loading=\"lazy\" width=\"250\" height=\"250\" class=\"wp-image-86\" style=\"width: 150px;\" src=\"http:\/\/ozrodicia.sk\/wp-content\/uploads\/2020\/06\/Matej-Stuska_DSC1966-2.jpg\" alt=\"\" srcset=\"https:\/\/ozrodicia.sk\/wp-content\/uploads\/2020\/06\/Matej-Stuska_DSC1966-2.jpg 250w, https:\/\/ozrodicia.sk\/wp-content\/uploads\/2020\/06\/Matej-Stuska_DSC1966-2-150x150.jpg 150w\" sizes=\"(max-width: 250px) 100vw, 250px\" \/> <\/p>\n\n\n\n<p class=\"has-text-align-right has-text-color has-medium-font-size\" style=\"color:#dc9018\"><img loading=\"lazy\" width=\"250\" height=\"73\" class=\"wp-image-388\" style=\"width: 150px;\" src=\"http:\/\/ozrodicia.sk\/wp-content\/uploads\/2020\/05\/cropped-RDC2020_logo-1.png\" alt=\"\"><\/p>\n","protected":false},"excerpt":{"rendered":"<p>Mnoh\u00fdm pr\u00eddu prejavy nespokojnosti rodi\u010dov po\u010das pand\u00e9mie ako prehnan\u00e9. Nech\u00e1pu to rozhor\u010denie kv\u00f4li zavret\u00fdm \u0161kol\u00e1m \u010di z\u00e1ujmov\u00fdm kr\u00fa\u017ekom. Ve\u010f m\u00f4\u017eeme [&hellip;]<\/p>\n","protected":false},"author":1,"featured_media":371,"comment_status":"closed","ping_status":"open","sticky":false,"template":"","format":"standard","meta":{"sfsi_plus_gutenberg_text_before_share":"","sfsi_plus_gutenberg_show_text_before_share":"","sfsi_plus_gutenberg_icon_type":"","sfsi_plus_gutenberg_icon_alignemt":"","sfsi_plus_gutenburg_max_per_row":"","_mi_skip_tracking":false,"_monsterinsights_sitenote_active":false,"_monsterinsights_sitenote_note":"","_monsterinsights_sitenote_category":0},"categories":[6],"tags":[],"_links":{"self":[{"href":"https:\/\/ozrodicia.sk\/index.php?rest_route=\/wp\/v2\/posts\/305"}],"collection":[{"href":"https:\/\/ozrodicia.sk\/index.php?rest_route=\/wp\/v2\/posts"}],"about":[{"href":"https:\/\/ozrodicia.sk\/index.php?rest_route=\/wp\/v2\/types\/post"}],"author":[{"embeddable":true,"href":"https:\/\/ozrodicia.sk\/index.php?rest_route=\/wp\/v2\/users\/1"}],"replies":[{"embeddable":true,"href":"https:\/\/ozrodicia.sk\/index.php?rest_route=%2Fwp%2Fv2%2Fcomments&post=305"}],"version-history":[{"count":4,"href":"https:\/\/ozrodicia.sk\/index.php?rest_route=\/wp\/v2\/posts\/305\/revisions"}],"predecessor-version":[{"id":543,"href":"https:\/\/ozrodicia.sk\/index.php?rest_route=\/wp\/v2\/posts\/305\/revisions\/543"}],"wp:featuredmedia":[{"embeddable":true,"href":"https:\/\/ozrodicia.sk\/index.php?rest_route=\/wp\/v2\/media\/371"}],"wp:attachment":[{"href":"https:\/\/ozrodicia.sk\/index.php?rest_route=%2Fwp%2Fv2%2Fmedia&parent=305"}],"wp:term":[{"taxonomy":"category","embeddable":true,"href":"https:\/\/ozrodicia.sk\/index.php?rest_route=%2Fwp%2Fv2%2Fcategories&post=305"},{"taxonomy":"post_tag","embeddable":true,"href":"https:\/\/ozrodicia.sk\/index.php?rest_route=%2Fwp%2Fv2%2Ftags&post=305"}],"curies":[{"name":"wp","href":"https:\/\/api.w.org\/{rel}","templated":true}]}}