{"id":220,"date":"2020-10-15T18:09:59","date_gmt":"2020-10-15T16:09:59","guid":{"rendered":"http:\/\/ozrodicia.sk\/?p=220"},"modified":"2021-04-21T15:02:42","modified_gmt":"2021-04-21T13:02:42","slug":"stanovisko-oz-rodicia-sk-k-novym-epidemiologickym-opatreniam","status":"publish","type":"post","link":"https:\/\/ozrodicia.sk\/?p=220","title":{"rendered":"Stanovisko OZ Rodi\u010dia.sk k nov\u00fdm epidemiologick\u00fdm opatreniam"},"content":{"rendered":"\n<p><em><strong>\u00dastredn\u00fd kr\u00edzov\u00fd \u0161t\u00e1b navrhol d\u0148a 11.10.2020 nov\u00e9 epidemiologick\u00e9 opatrenia, ktor\u00fdmi reaguje na zhor\u0161uj\u00facu sa epidemiologick\u00fa situ\u00e1ciu na Slovensku. Opatrenia maj\u00fa plati\u0165 od \u0161tvrtka 15. 10.2020, s v\u00fdnimkou opatrenia t\u00fdkaj\u00faceho sa vzdel\u00e1vania na stredn\u00fdch \u0161kol\u00e1ch, ktor\u00e9 je v platnosti od 12.10.2020.<\/strong><\/em><\/p>\n\n\n\n<p><strong>Nov\u00e9 epidemiologick\u00e9 opatrenia znamenaj\u00fa, \u017ee pre rodi\u010dov na Slovensku sa op\u00e4\u0165 za\u010d\u00ednaj\u00fa \u0165a\u017ek\u00e9 \u010dasy. To, \u017ee Z\u0160 a \u0161k\u00f4lky ostali otvoren\u00e9, je pre nich ve\u013ekou \u00fa\u013eavou, aj ke\u010f zatv\u00e1ranie prev\u00e1dzok znamen\u00e1 op\u00e4\u0165 hrozbu straty pr\u00edjmov pre rodiny a ich deti. Potrebn\u00e1 je preto okam\u017eit\u00e1 pomoc.&nbsp;&nbsp;<\/strong><\/p>\n\n\n\n<p>Reprezentat\u00edvny prieskum medzi obyvate\u013emi SR realizovan\u00fd<a href=\"http:\/\/ozrodicia.sk\/?page_id=31\"> <\/a><a href=\"http:\/\/ozrodicia.sk\/?page_id=31\">ob\u010dianskym zdru\u017een\u00edm Rodi\u010dia.sk<\/a> v spolupr\u00e1ci so spolo\u010dnos\u0165ou 2MUSE v septembri 2020 potvrdil, \u017ee k\u00fdm pre v\u00e4\u010d\u0161inu popul\u00e1cie bude pri druhej vlne pand\u00e9mie najv\u00e4\u010d\u0161ou hrozbou obmedzen\u00e1 dostupnos\u0165 \u0161tandardnej zdravotnej starostlivosti a soci\u00e1lna izol\u00e1cia, <strong>pre rodi\u010dov s de\u0165mi do 18 rokov je najv\u00e4\u010d\u0161\u00edm stra\u0161iakom opatrenie \u0161t\u00e1tu s dosahom na zamestnanie a uzavretie \u0161kolsk\u00fdch zariaden\u00ed. (Graf \u010d.1)<\/strong><\/p>\n\n\n\n<ol type=\"1\"><li><strong>V mene rodi\u010dov ve\u013emi oce\u0148ujeme, \u017ee kompetentn\u00e9 org\u00e1ny sa sna\u017eia udr\u017ea\u0165 Z\u0160 a pred\u0161kolsk\u00e9 zariadenia otvoren\u00e9<\/strong> \u010do najdlh\u0161ie, vr\u00e1tane \u0161kolsk\u00fdch jed\u00e1ln\u00ed a klubov. V\u010faka tomu m\u00f4\u017eu rodi\u010dia na\u010falej pracova\u0165, deti sa u\u010dia a socializuj\u00fa a firmy na Slovensku sa nemusia b\u00e1\u0165, \u017ee ich zamestnanci bud\u00fa op\u00e4\u0165 doma. Z\u00e1rove\u0148 v\u0161ak d\u00fafame, \u017ee u\u010ditelia aj \u017eiaci S\u0160, ktor\u00e9 prech\u00e1dzaj\u00fa na di\u0161tan\u010dn\u00e9 vzdel\u00e1vanie, sa na\u0148 dostato\u010dne pripravili, aby sa vyhli probl\u00e9mom z 1. vlny epid\u00e9mie. (Vi\u010f graf \u010d.2).<\/li><\/ol>\n\n\n\n<ol type=\"1\" start=\"2\"><li><strong>Rozumieme potrebe do\u010dasne uzatv\u00e1ra\u0165 prev\u00e1dzky, kde doch\u00e1dza k zv\u00fd\u0161enej koncentr\u00e1cii \u013eud\u00ed, ale pevne ver\u00edme, \u017ee to bude trva\u0165 len nevyhnutn\u00fd \u010das.<\/strong> Mus\u00edme spolo\u010dne zabr\u00e1ni\u0165 tomu, aby rodi\u010dia ostali bez pr\u00e1ce a pr\u00edjmu a trpeli t\u00fdm cel\u00e9 ich rodiny. Vyz\u00fdvame preto kompetentn\u00e9 org\u00e1ny \u0161t\u00e1tnej spr\u00e1vy, aby u\u017e teraz h\u013eadali sp\u00f4sob, ako t\u00fdchto \u013eud\u00ed za stratu pr\u00edjmov v\u010das a v dostato\u010dnej miere kompenzova\u0165. To, \u010do rodi\u010dia zvl\u00e1dli po\u010das 1 vlny, u\u017e pri 2. vlne zvl\u00e1da\u0165 nemusia.<\/li><\/ol>\n\n\n\n<ol type=\"1\" start=\"3\"><li><strong>Vyz\u00fdvame \u00dastredn\u00fd kr\u00edzov\u00fd \u0161t\u00e1b, aby prehodnotil svoje opatrenie o vyhraden\u00fdch hodin\u00e1ch pre seniorov.<\/strong> Toto opatrenie sa po\u010das 1 vlny neosved\u010dilo a pod\u013ea samotn\u00fdch obchodn\u00edkov p\u00f4sob\u00ed kontraprodukt\u00edvne. Mami\u010dky s de\u0165mi a rodi\u010dia v\u0161eobecne maj\u00fa ve\u013emi limitovan\u00e9 \u010dasov\u00e9 mo\u017enosti, kedy m\u00f4\u017eu \u00eds\u0165 nakupova\u0165, a pre mnoh\u00fdch s\u00fa pr\u00e1ve doobedn\u00e9 hodiny ve\u013emi vhodn\u00e9 na pokojn\u00fd n\u00e1kup. Je na zv\u00e1\u017eenie, \u010di je na prospech, ak medzi 9 a 11h s\u00fa predajne polopr\u00e1zdne a n\u00e1sledne sa n\u00e1m vytv\u00e1raj\u00fa pred potravinami rady \u010dakaj\u00facich. Pova\u017eujeme za k\u013e\u00fa\u010dov\u00e9, aby sme rad\u0161ej v\u0161etci dodr\u017eiavali hygienick\u00e9 opatrenia a vyhli sa tak v predajniach riziku n\u00e1kazy. D\u00f4chodcovia, rovnako ako rodi\u010dia a ostatn\u00e9 skupiny obyvate\u013eov nakupuj\u00fa vtedy, kedy im to ich denn\u00fd re\u017eim umo\u017e\u0148uje. Ak kompetentn\u00ed pova\u017euj\u00fa toto opatrenie za nevyhnutn\u00e9, \u017eiadame aspo\u0148 zv\u00e1\u017ei\u0165 skr\u00e1tenie tohto opatrenia na 1h namiesto 2h. &nbsp;&nbsp;<\/li><\/ol>\n\n\n\n<ol type=\"1\" start=\"4\"><li><strong>Vyz\u00fdvame v\u0161etk\u00fdch, ktor\u00ed maj\u00fa priamy alebo nepriamy vplyv na di\u0161tan\u010dn\u00e9 vzdel\u00e1vanie, aby pomohli \u0161kol\u00e1m, u\u010dite\u013eom a \u017eiakom t\u00fato \u00falohu zvl\u00e1dnu\u0165 lep\u0161ie ako na jar<\/strong>. Je v prospech celej na\u0161ej spolo\u010dnosti, aby sa deti vzdel\u00e1vali, aby zame\u0161kali \u010do najmenej u\u010diva a aby nestratili svoje vzdel\u00e1vacie n\u00e1vyky. Netu\u0161\u00edme, dokedy bude t\u00e1to situ\u00e1cia trva\u0165, a preto je potrebn\u00e9 n\u00e1js\u0165 systematick\u00e9 rie\u0161enia na to, aby sa \u017eiaci aj po\u010das vyu\u010dovania z domu vedeli plnohodnotne vzdel\u00e1va\u0165. T\u00e1to v\u00fdzva je smerovan\u00e1 samozrejme aj na rodi\u010dov, aby sa k situ\u00e1cii postavili zodpovedne a v r\u00e1mci svojich mo\u017enost\u00ed sa na vyu\u010dovanie z domu tie\u017e dostato\u010dne pripravili.<\/li><\/ol>\n\n\n\n<h4 class=\"has-text-color\" style=\"color:#dc9018\"><strong>Graf \u010d.1: Najv\u00e4\u010d\u0161ie obavy pri 2. vlne pand\u00e9mie \/ rodiny s de\u0165mi v z\u00e1vislosti od veku det\u00ed<\/strong><\/h4>\n\n\n\n<div class=\"wp-block-image\"><figure class=\"aligncenter size-large\"><img loading=\"lazy\" width=\"602\" height=\"272\" src=\"https:\/\/ozrodicia.sk\/wp-content\/uploads\/2020\/10\/3-01.png\" alt=\"\" class=\"wp-image-221\" srcset=\"https:\/\/ozrodicia.sk\/wp-content\/uploads\/2020\/10\/3-01.png 602w, https:\/\/ozrodicia.sk\/wp-content\/uploads\/2020\/10\/3-01-300x136.png 300w\" sizes=\"(max-width: 602px) 100vw, 602px\" \/><\/figure><\/div>\n\n\n\n<hr class=\"wp-block-separator is-style-wide\"\/>\n\n\n\n<h4 class=\"has-text-color\" style=\"color:#dc9018\"><strong><strong>Graf \u010d.2 &#8211; Najv\u00e4\u010d\u0161ie probl\u00e9my vzdel\u00e1vania na dia\u013eku\/online pod\u013ea veku \u017eiakov<\/strong><\/strong><\/h4>\n\n\n\n<div class=\"wp-block-image\"><figure class=\"aligncenter size-large\"><img loading=\"lazy\" width=\"670\" height=\"281\" src=\"https:\/\/ozrodicia.sk\/wp-content\/uploads\/2020\/10\/3-02.png\" alt=\"\" class=\"wp-image-222\" srcset=\"https:\/\/ozrodicia.sk\/wp-content\/uploads\/2020\/10\/3-02.png 670w, https:\/\/ozrodicia.sk\/wp-content\/uploads\/2020\/10\/3-02-300x126.png 300w\" sizes=\"(max-width: 670px) 100vw, 670px\" \/><\/figure><\/div>\n\n\n\n<hr class=\"wp-block-separator is-style-wide\"\/>\n\n\n\n<h4 class=\"has-text-color\" style=\"color:#dc9018\"><strong><strong>Graf \u010d.3 &#8211; Porovnanie miery obavy rodi\u010dov o vzdelanie det\u00ed v d\u00f4sledku zavretia \u0161k\u00f4l pod\u013ea veku det\u00ed<\/strong><\/strong><\/h4>\n\n\n\n<div class=\"wp-block-image\"><figure class=\"aligncenter size-large\"><img loading=\"lazy\" width=\"661\" height=\"312\" src=\"https:\/\/ozrodicia.sk\/wp-content\/uploads\/2020\/10\/3_03.png\" alt=\"\" class=\"wp-image-223\" srcset=\"https:\/\/ozrodicia.sk\/wp-content\/uploads\/2020\/10\/3_03.png 661w, https:\/\/ozrodicia.sk\/wp-content\/uploads\/2020\/10\/3_03-300x142.png 300w\" sizes=\"(max-width: 661px) 100vw, 661px\" \/><\/figure><\/div>\n\n\n\n<div class=\"wp-block-buttons\">\n<div class=\"wp-block-button\"><a class=\"wp-block-button__link has-background\" href=\"http:\/\/ozrodicia.sk\/wp-content\/uploads\/2020\/10\/Stanovisko-OZ-Rodi\u010dia.sk-k-nov\u00fdm-epidemiologick\u00fdm-opatreniam-13.10.2020.pdf\" style=\"background-color:#dc9018\">Stanovisko OZ Rodi\u010dia.sk k nov\u00fdm epidemiologick\u00fdm opatreniam (.PDF)<\/a><\/div>\n<\/div>\n\n\n\n<ul class=\"wp-block-social-links\">\n\n\n\n\n\n\n\n\n\n<\/ul>\n\n\n\n<ul class=\"wp-block-social-links\">\n\n\n\n\n\n<\/ul>\n\n\n\n<p><\/p>\n","protected":false},"excerpt":{"rendered":"<p>\u00dastredn\u00fd kr\u00edzov\u00fd \u0161t\u00e1b navrhol d\u0148a 11.10.2020 nov\u00e9 epidemiologick\u00e9 opatrenia, ktor\u00fdmi reaguje na zhor\u0161uj\u00facu sa epidemiologick\u00fa situ\u00e1ciu na Slovensku. Opatrenia maj\u00fa [&hellip;]<\/p>\n","protected":false},"author":1,"featured_media":299,"comment_status":"closed","ping_status":"closed","sticky":false,"template":"","format":"standard","meta":{"sfsi_plus_gutenberg_text_before_share":"","sfsi_plus_gutenberg_show_text_before_share":"","sfsi_plus_gutenberg_icon_type":"","sfsi_plus_gutenberg_icon_alignemt":"","sfsi_plus_gutenburg_max_per_row":"","_mi_skip_tracking":false,"_monsterinsights_sitenote_active":false,"_monsterinsights_sitenote_note":"","_monsterinsights_sitenote_category":0},"categories":[4],"tags":[],"_links":{"self":[{"href":"https:\/\/ozrodicia.sk\/index.php?rest_route=\/wp\/v2\/posts\/220"}],"collection":[{"href":"https:\/\/ozrodicia.sk\/index.php?rest_route=\/wp\/v2\/posts"}],"about":[{"href":"https:\/\/ozrodicia.sk\/index.php?rest_route=\/wp\/v2\/types\/post"}],"author":[{"embeddable":true,"href":"https:\/\/ozrodicia.sk\/index.php?rest_route=\/wp\/v2\/users\/1"}],"replies":[{"embeddable":true,"href":"https:\/\/ozrodicia.sk\/index.php?rest_route=%2Fwp%2Fv2%2Fcomments&post=220"}],"version-history":[{"count":6,"href":"https:\/\/ozrodicia.sk\/index.php?rest_route=\/wp\/v2\/posts\/220\/revisions"}],"predecessor-version":[{"id":442,"href":"https:\/\/ozrodicia.sk\/index.php?rest_route=\/wp\/v2\/posts\/220\/revisions\/442"}],"wp:featuredmedia":[{"embeddable":true,"href":"https:\/\/ozrodicia.sk\/index.php?rest_route=\/wp\/v2\/media\/299"}],"wp:attachment":[{"href":"https:\/\/ozrodicia.sk\/index.php?rest_route=%2Fwp%2Fv2%2Fmedia&parent=220"}],"wp:term":[{"taxonomy":"category","embeddable":true,"href":"https:\/\/ozrodicia.sk\/index.php?rest_route=%2Fwp%2Fv2%2Fcategories&post=220"},{"taxonomy":"post_tag","embeddable":true,"href":"https:\/\/ozrodicia.sk\/index.php?rest_route=%2Fwp%2Fv2%2Ftags&post=220"}],"curies":[{"name":"wp","href":"https:\/\/api.w.org\/{rel}","templated":true}]}}