{"id":217,"date":"2020-10-12T14:26:36","date_gmt":"2020-10-12T12:26:36","guid":{"rendered":"http:\/\/ozrodicia.sk\/?p=217"},"modified":"2021-04-21T15:03:19","modified_gmt":"2021-04-21T13:03:19","slug":"stanovisko-oz-rodicia-sk-k-rozhodnutiu-vlady-sr-zrusit-k-15-10-2020-poskytovanie-tzv-pandemickeho-rodicovskeho-prispevku","status":"publish","type":"post","link":"https:\/\/ozrodicia.sk\/?p=217","title":{"rendered":"Stanovisko OZ Rodi\u010dia.sk k rozhodnutiu vl\u00e1dy SR zru\u0161i\u0165 k 15.10.2020 poskytovanie tzv. pandemick\u00e9ho rodi\u010dovsk\u00e9ho pr\u00edspevku"},"content":{"rendered":"\n<p>Na zasadnut\u00ed vl\u00e1dy SR d\u0148a 30.9.2020 bol na n\u00e1vrh Ministerstva pr\u00e1ce, soci\u00e1lnych vec\u00ed a rodiny Slovenskej republiky schv\u00e1len\u00fd N\u00e1vrh nariadenia vl\u00e1dy Slovenskej republiky, ktor\u00fdm sa men\u00ed a dop\u013a\u0148a nariadenie vl\u00e1dy Slovenskej republiky \u010d. 102\/2020 Z. z. o niektor\u00fdch opatreniach v oblasti soci\u00e1lnych vec\u00ed, rodiny a slu\u017eieb zamestnanosti v \u010dase mimoriadnej situ\u00e1cie, n\u00fadzov\u00e9ho stavu alebo v\u00fdnimo\u010dn\u00e9ho stavu vyhl\u00e1sen\u00e9ho v s\u00favislosti s ochoren\u00edm COVID-19, ktor\u00fdm sa zru\u0161ilo poskytovanie tzv. pandemick\u00e9ho rodi\u010dovsk\u00e9ho pr\u00edspevku. Ako predkladate\u013e uv\u00e1dza v d\u00f4vodovej spr\u00e1ve, zru\u0161enie navrhli vzh\u013eadom na fakt, \u017ee od septembra \u0161kolsk\u00e9 a pred\u0161kolsk\u00e9 zariadenia op\u00e4tovne funguj\u00fa.<\/p>\n\n\n\n<h4 class=\"has-text-color\" style=\"color:#dc9018\"><strong>Postoj OZ Rodi\u010dia.sk:<\/strong><\/h4>\n\n\n\n<p><strong>Domnievame sa, \u017ee tie ist\u00e9 d\u00f4vody, ktor\u00e9 na jar viedli k \u00fastretov\u00e9mu pred\u013a\u017eeniu rodi\u010dovsk\u00e9ho pr\u00edspevku v konkr\u00e9tnych pr\u00edpadoch, s\u00fa aktu\u00e1lne aj dnes, nako\u013eko \u010del\u00edme tzv. druhej vlne pand\u00e9mie<\/strong>. Preto je zru\u0161enie pandemick\u00e9ho rodi\u010dovsk\u00e9ho pr\u00edspevku po okt\u00f3bri 2020 pre n\u00e1s prekvapen\u00edm. Aj ke\u010f od j\u00fana slovensk\u00e1 ekonomika zaznamenala o\u017eivenie, h\u013eadanie si zamestnania, navy\u0161e pri mal\u00fdch de\u0165och, je aj v t\u00fdchto mesiacoch mimoriadne zlo\u017eit\u00e9. Okrem toho sa <strong>mnoh\u00e9 \u0161k\u00f4lky op\u00e4\u0165 musia zatv\u00e1ra\u0165 a \u017eia\u013e, zrejme \u010fal\u0161ie bud\u00fa nasledova\u0165<\/strong>. T\u00e1to situacia tak aj dnes dramaticky ovplyv\u0148uje \u017eivoty rod\u00edn &#8211; v pracovnej oblasti aj v rodi\u010dovstve &#8211; a je ve\u013emi podobn\u00e1 tej po\u010das prvej vlny pand\u00e9mie.&nbsp;&nbsp;<\/p>\n\n\n\n<p><strong>Pandemick\u00fd rodi\u010dovsk\u00fd pr\u00edspevok bol preto ur\u010dite v\u00edtanou pomocou pre dotknut\u00e9 rodiny, obzvl\u00e1\u0161\u0165 v ne\u013eahkej situ\u00e1cii po\u010das koronakr\u00edzy.<\/strong> T\u00fdkal sa pritom, vzh\u013eadom na konkr\u00e9tnu defin\u00edciu jeho n\u00e1roku, relat\u00edvne \u00fazkeho po\u010dtu rod\u00edn, a preto neznamenal ani z\u00e1sadn\u00fa z\u00e1\u0165a\u017e pre verejn\u00e9 financie. Mnoho rodi\u010dov nem\u00e1 z objekt\u00edvnych d\u00f4vodov n\u00e1rok na pandemick\u00e9 O\u010cR. Navy\u0161e, za mimoriadne d\u00f4le\u017eit\u00e9 v t\u00fdchto \u010dasoch pova\u017eujeme aj vysielanie pozit\u00edvnych sign\u00e1lov smerom k verejnosti. Najm\u00e4 v rodin\u00e1ch s n\u00edzkym alebo aktu\u00e1lne \u017eiadnym pr\u00edjmom je ve\u013emi d\u00f4le\u017eit\u00e9, aby c\u00edtili, \u017ee im spolo\u010dnos\u0165 v kr\u00edzovej situ\u00e1cii solid\u00e1rne pon\u00faka pomocn\u00fa ruku. <strong>V\u0161etci potrebujeme, aby t\u00e1to kr\u00edza \u010do najmenej ubl\u00ed\u017eila pr\u00edjmovo slab\u0161\u00edm rodin\u00e1m a ich de\u0165om. N\u00edzke rodinn\u00e9 pr\u00eddavky, \u010di SOS pomoc, nemus\u00ed by\u0165 \u010dasto pre rodiny dostato\u010dn\u00e1&#8230;<\/strong><\/p>\n\n\n\n<p><strong>Vzh\u013eadom na horeuveden\u00e9 by preto pod\u013ea n\u00e1s bolo rozumn\u00e9, aby vl\u00e1da SR aj v tomto pr\u00edpade prehodnotila svoj postoj a ponechala t\u00fato formu adresnej pomoc\u00ed rodin\u00e1m, ide\u00e1lne po\u010das cel\u00e9ho trvania mimoriadnej situ\u00e1cie.&nbsp;<\/strong><\/p>\n\n\n\n<p>Podporu by si pod\u013ea n\u00e1\u0161ho n\u00e1zoru ur\u010dite zasl\u00fa\u017eili minim\u00e1lne t\u00ed rodi\u010dia, ktor\u00ed s\u00fabe\u017ene:<\/p>\n\n\n\n<ul><li>po\u010das trvania mimoriadnej situacie (od 16.3.) pri\u0161li o zamestnanie&nbsp;<\/li><li>v obdob\u00ed trvania mimoriadnej situ\u00e1cie ich die\u0165a dov\u0155\u0161ilo 3 roky veku<\/li><\/ul>\n\n\n\n<p class=\"has-text-align-right\"><img loading=\"lazy\" width=\"1094\" height=\"322\" class=\"wp-image-9\" style=\"width: 150px;\" src=\"http:\/\/ozrodicia.sk\/wp-content\/uploads\/2020\/05\/RDC2020_logo.png\" alt=\"\" srcset=\"https:\/\/ozrodicia.sk\/wp-content\/uploads\/2020\/05\/RDC2020_logo.png 1094w, https:\/\/ozrodicia.sk\/wp-content\/uploads\/2020\/05\/RDC2020_logo-300x88.png 300w, https:\/\/ozrodicia.sk\/wp-content\/uploads\/2020\/05\/RDC2020_logo-1024x301.png 1024w, https:\/\/ozrodicia.sk\/wp-content\/uploads\/2020\/05\/RDC2020_logo-768x226.png 768w, https:\/\/ozrodicia.sk\/wp-content\/uploads\/2020\/05\/RDC2020_logo-710x210.png 710w\" sizes=\"(max-width: 1094px) 100vw, 1094px\" \/><\/p>\n","protected":false},"excerpt":{"rendered":"<p>Na zasadnut\u00ed vl\u00e1dy SR d\u0148a 30.9.2020 bol na n\u00e1vrh Ministerstva pr\u00e1ce, soci\u00e1lnych vec\u00ed a rodiny Slovenskej republiky schv\u00e1len\u00fd N\u00e1vrh nariadenia [&hellip;]<\/p>\n","protected":false},"author":1,"featured_media":311,"comment_status":"closed","ping_status":"closed","sticky":false,"template":"","format":"standard","meta":{"sfsi_plus_gutenberg_text_before_share":"","sfsi_plus_gutenberg_show_text_before_share":"","sfsi_plus_gutenberg_icon_type":"","sfsi_plus_gutenberg_icon_alignemt":"","sfsi_plus_gutenburg_max_per_row":"","_mi_skip_tracking":false,"_monsterinsights_sitenote_active":false,"_monsterinsights_sitenote_note":"","_monsterinsights_sitenote_category":0},"categories":[4],"tags":[],"_links":{"self":[{"href":"https:\/\/ozrodicia.sk\/index.php?rest_route=\/wp\/v2\/posts\/217"}],"collection":[{"href":"https:\/\/ozrodicia.sk\/index.php?rest_route=\/wp\/v2\/posts"}],"about":[{"href":"https:\/\/ozrodicia.sk\/index.php?rest_route=\/wp\/v2\/types\/post"}],"author":[{"embeddable":true,"href":"https:\/\/ozrodicia.sk\/index.php?rest_route=\/wp\/v2\/users\/1"}],"replies":[{"embeddable":true,"href":"https:\/\/ozrodicia.sk\/index.php?rest_route=%2Fwp%2Fv2%2Fcomments&post=217"}],"version-history":[{"count":2,"href":"https:\/\/ozrodicia.sk\/index.php?rest_route=\/wp\/v2\/posts\/217\/revisions"}],"predecessor-version":[{"id":441,"href":"https:\/\/ozrodicia.sk\/index.php?rest_route=\/wp\/v2\/posts\/217\/revisions\/441"}],"wp:featuredmedia":[{"embeddable":true,"href":"https:\/\/ozrodicia.sk\/index.php?rest_route=\/wp\/v2\/media\/311"}],"wp:attachment":[{"href":"https:\/\/ozrodicia.sk\/index.php?rest_route=%2Fwp%2Fv2%2Fmedia&parent=217"}],"wp:term":[{"taxonomy":"category","embeddable":true,"href":"https:\/\/ozrodicia.sk\/index.php?rest_route=%2Fwp%2Fv2%2Fcategories&post=217"},{"taxonomy":"post_tag","embeddable":true,"href":"https:\/\/ozrodicia.sk\/index.php?rest_route=%2Fwp%2Fv2%2Ftags&post=217"}],"curies":[{"name":"wp","href":"https:\/\/api.w.org\/{rel}","templated":true}]}}