{"id":1065,"date":"2024-11-04T17:50:51","date_gmt":"2024-11-04T16:50:51","guid":{"rendered":"https:\/\/ozrodicia.sk\/?p=1065"},"modified":"2024-11-10T22:05:36","modified_gmt":"2024-11-10T21:05:36","slug":"ake-je-povedomie-rodicov-a-verejnosti-o-kurikularnej-reforme","status":"publish","type":"post","link":"https:\/\/ozrodicia.sk\/?p=1065","title":{"rendered":"Ak\u00e9 je povedomie rodi\u010dov a verejnosti o kurikul\u00e1rnej reforme?"},"content":{"rendered":"\n<p>Kurikul\u00e1rna reforma je jednou z piatich t\u00e9m, ktor\u00e9 v roku 2023 z\u00e1stupcovia zdru\u017eenia Rodi\u010dia.sk identifikovali ako k\u013e\u00fa\u010dov\u00e9 pre slovensk\u00e9 \u0161kolstvo a e\u0161te pred vo\u013ebami vyzvali z\u00e1stupcov politick\u00fdch str\u00e1n, aby ich vo svojich programoch venovali. Z vlastn\u00e9ho reprezentat\u00edvneho prieskumu z janu\u00e1ra 2022 toti\u017e vypl\u00fdva, \u017ee iba 43 % rodi\u010dov na Slovensku si vtedy myslelo, \u017ee \u201cobsah a forma v\u00fdu\u010dby na \u0161kol\u00e1ch v SR zodpoved\u00e1 potreb\u00e1m 21. storo\u010dia\u201d (\u0161irok\u00e1 verejnos\u0165 34 %).<\/p>\n\n\n\n<p>Nako\u013eko bola v tomto \u0161kolskom roku reforma spusten\u00e1 u\u017e na 400 z\u00e1kladn\u00fdch \u0161kol\u00e1ch, zdru\u017eenie sa pok\u00fasilo zisti\u0165, do akej miery rodi\u010dia i \u0161irok\u00e1 verejnos\u0165 reformu v\u00f4bec eviduj\u00fa, \u010di s jej obsahom s\u00fahlasia a m\u00e1 ich podporu. Bez podpory rodi\u010dov je toti\u017e osud tak z\u00e1sadnej reformy v \u0161kolstve ve\u013emi ot\u00e1zny. V\u010faka podpore <strong>F\u00e9rovej nad\u00e1cie O2<\/strong> bol v spolupr\u00e1ci s <strong>agent\u00farou 2muse<\/strong> realizovan\u00fd kvantitat\u00edvny ad-hoc prieskum na reprezentat\u00edvnej vzorke slovenskej popul\u00e1cie vo veku 18+ (1010 respondentov, v tom 329 rod\u00edn s de\u0165mi na \u0161kol\u00e1ch). Zber d\u00e1t bol uskuto\u010dnen\u00fd medzi 9. \u2013 15. septembrom 2024, teda pribli\u017ene t\u00fd\u017ede\u0148 od jej spustenia, kedy jej m\u00e9di\u00e1 a politici venovali najv\u00e4\u010d\u0161iu pozornos\u0165.<\/p>\n\n\n\n<h2 class=\"has-text-color\" style=\"color:#dc9018\"><strong>Ak\u00e9 je v\u0161eobecn\u00e9 povedomie verejnosti o kurikul\u00e1rnej reforme?<\/strong><\/h2>\n\n\n\n<p>Len \u0161tvrtina popul\u00e1cie eviduje, \u017ee by o kurikul\u00e1rnej reforme po\u010dula. Z tejto podskupiny \u013eud\u00ed viac ako tri \u0161tvrtiny s\u00fahlasia, \u017ee spolu s kurikul\u00e1rnou reformou treba zmeni\u0165 aj \u0161t\u00fdl u\u010denia. Takmer polovica podskupiny ver\u00ed, \u017ee pr\u00e1ve kurikul\u00e1rna reforma pom\u00f4\u017ee pribl\u00ed\u017ei\u0165 obsah a formu vzdel\u00e1vania v SR k potreb\u00e1m 21. storo\u010dia, av\u0161ak viac ako \u0161tvrtina v\u00f4bec nevie, \u010di tieto t\u00e9my nejako s\u00favisia. Necel\u00e1 polovica \u013eud\u00ed, ktor\u00ed reformu eviduj\u00fa si naopak mysl\u00ed, \u017ee nepotrebujeme a\u017e tak zmenu obsahu a formy v\u00fdu\u010dby ale lep\u0161\u00edch u\u010dite\u013eov. \u017de sa o kurikul\u00e1rnej reforme vedie dostato\u010dn\u00e1 debata, v\u010faka ktorej vedia o \u010dom je a \u010do je jej cie\u013eom je aspo\u0148 \u010diasto\u010dne presved\u010den\u00fdch 41% z nich.<\/p>\n\n\n\n<p><\/p>\n\n\n\n<p><strong>Graf \u010d.1 &#8211; postoje \u0161irokej verejnosti<\/strong><\/p>\n\n\n\n<figure class=\"wp-block-image size-large\"><img loading=\"lazy\" width=\"1024\" height=\"281\" src=\"https:\/\/ozrodicia.sk\/wp-content\/uploads\/2024\/11\/01-1024x281.jpg\" alt=\"\" class=\"wp-image-1071\" srcset=\"https:\/\/ozrodicia.sk\/wp-content\/uploads\/2024\/11\/01-1024x281.jpg 1024w, https:\/\/ozrodicia.sk\/wp-content\/uploads\/2024\/11\/01-300x82.jpg 300w, https:\/\/ozrodicia.sk\/wp-content\/uploads\/2024\/11\/01-768x210.jpg 768w, https:\/\/ozrodicia.sk\/wp-content\/uploads\/2024\/11\/01-1536x421.jpg 1536w, https:\/\/ozrodicia.sk\/wp-content\/uploads\/2024\/11\/01.jpg 1588w\" sizes=\"(max-width: 1024px) 100vw, 1024px\" \/><\/figure>\n\n\n\n<p><\/p>\n\n\n\n<h4><strong>Region\u00e1lne \u0161pecifik\u00e1:<\/strong><\/h4>\n\n\n\n<ul><li>Najvy\u0161\u0161iu mieru povedomia o reforme maj\u00fa obyvatelia <strong>Pre\u0161ovsk\u00e9ho kraja,<\/strong> kde viac ako jedna tretina (34%) u\u017e o nej po\u010dula.<\/li><li><strong>V Ko\u0161ickom kraji<\/strong> zase viac ako polovica obyvate\u013eov (51%), ktor\u00ed po\u010duli o kurikul\u00e1rnej reforme s\u00fahlas\u00ed s tvrden\u00edm, \u017ee sa o nej vedie dostato\u010dn\u00e1 debata a vedia, \u010do je jej cie\u013eom.<\/li><li>O potrebe meni\u0165 spolu s kurikul\u00e1rnou reformou aj \u0161t\u00fdl u\u010denia s\u00fa, v r\u00e1mci informovan\u00fdch \u013eud\u00ed, najviac presved\u010den\u00ed obyvatelia <strong>Bratislavsk\u00e9ho kraja<\/strong> &#8211; a\u017e 83 %.<\/li><\/ul>\n\n\n\n<h2 class=\"has-text-color\" style=\"color:#dc9018\"><strong>Znalos\u0165 reformy zo strany rodi\u010dov je lep\u0161ia len minim\u00e1lne<\/strong><\/h2>\n\n\n\n<p>Znalos\u0165 kurikul\u00e1rnej reformy medzi rodi\u010dmi nie je ove\u013ea lep\u0161ia ako znalos\u0165 be\u017enej popul\u00e1cie. Rozdiel je len 2 % a v pr\u00edpade rodi\u010dov det\u00ed nav\u0161tevuj\u00facich Z\u0160 je to o 4 % viac, teda 29 %.&nbsp;<strong>Z t\u00fdch rodi\u010dov, ktor\u00ed v\u0161ak o reforme vedia, je c\u00edti\u0165, \u017ee do nej vkladaj\u00fa v\u00e4\u010d\u0161ie n\u00e1deje ako \u0161irok\u00e1 verejnos\u0165 a a\u017e 58 % z nich ver\u00ed, \u017ee jej implement\u00e1cia posunie na\u0161e \u0161kolstvo bli\u017e\u0161ie k 21. storo\u010diu<\/strong>. Takmer polovica si ale mysl\u00ed, \u017ee k\u013e\u00fa\u010dov\u00fd bude aj tak u\u010dite\u013e.<\/p>\n\n\n\n<p><\/p>\n\n\n\n<p><strong>Graf \u010d.2 &#8211; postoje rodi\u010dov det\u00ed, ktor\u00e9 nav\u0161tevuj\u00fa od pred\u0161kolskej doch\u00e1dzky po vysok\u00fa \u0161kolu<\/strong><\/p>\n\n\n\n<figure class=\"wp-block-image size-large\"><img loading=\"lazy\" width=\"1024\" height=\"447\" src=\"https:\/\/ozrodicia.sk\/wp-content\/uploads\/2024\/11\/02-1024x447.jpg\" alt=\"\" class=\"wp-image-1073\" srcset=\"https:\/\/ozrodicia.sk\/wp-content\/uploads\/2024\/11\/02-1024x447.jpg 1024w, https:\/\/ozrodicia.sk\/wp-content\/uploads\/2024\/11\/02-300x131.jpg 300w, https:\/\/ozrodicia.sk\/wp-content\/uploads\/2024\/11\/02-768x335.jpg 768w, https:\/\/ozrodicia.sk\/wp-content\/uploads\/2024\/11\/02-1536x671.jpg 1536w, https:\/\/ozrodicia.sk\/wp-content\/uploads\/2024\/11\/02.jpg 1598w\" sizes=\"(max-width: 1024px) 100vw, 1024px\" \/><\/figure>\n\n\n\n<p><\/p>\n\n\n\n<p>Mohli by sme teda z v\u00fdsledkov usudzova\u0165, \u017ee povedomie o reforme vytv\u00e1ra najm\u00e4 celospolo\u010densk\u00e1 debata prebiehaj\u00faca v m\u00e9di\u00e1ch, na konferenci\u00e1ch a in\u00fdch odborn\u00fdch podujatiach a iniciovan\u00e1 najm\u00e4 rezortom \u0161kolstva. Najv\u00e4\u010d\u0161ia v\u00fdzva v komunik\u00e1ci\u00ed teda stoj\u00ed pred samotn\u00fdmi \u0161kolami, pr\u00edpadne ich zria\u010fovate\u013emi, preto\u017ee najm\u00e4 na z\u00e1kladn\u00fdch \u0161kol\u00e1ch a \u0161k\u00f4lkach by znalos\u0165 reformy mala by\u0165 pod\u013ea n\u00e1\u0161ho n\u00e1zoru omnoho vy\u0161\u0161ia. Zvl\u00e1\u0161\u0165 ak m\u00e1me zhodu v tom, \u017ee podpora rodi\u010dov je pre \u00faspech tejto v\u00fdznamnej reformy priam nevyhnutn\u00e1. <\/p>\n\n\n\n<figure class=\"wp-block-table\"><table class=\"has-subtle-pale-pink-background-color has-background\"><tbody><tr><td><strong>Celkovo je to len 13 % rodi\u010dov det\u00ed v \u0161kolskom a pred\u0161kolskom veku, ktor\u00ed eviduj\u00fa inform\u00e1cie a debaty o tejto reforme a v\u010faka nim pochopili jej cie\u013e a obsah. Ak chceme t\u00fato v\u00fdznamn\u00fa reformu \u00faspe\u0161ne zvl\u00e1dnu\u0165, mus\u00ed sa sta\u0165 omnoho v\u00fdznamnej\u0161ou t\u00e9mou, ako tomu bolo doteraz.&nbsp;&nbsp;<\/strong><\/td><\/tr><\/tbody><\/table><\/figure>\n\n\n\n<p><\/p>\n\n\n\n<p class=\"has-text-align-right\"><img loading=\"lazy\" width=\"1094\" height=\"322\" class=\"wp-image-9\" style=\"width: 150px;\" src=\"http:\/\/ozrodicia.sk\/wp-content\/uploads\/2020\/05\/RDC2020_logo.png\" alt=\"\" srcset=\"https:\/\/ozrodicia.sk\/wp-content\/uploads\/2020\/05\/RDC2020_logo.png 1094w, https:\/\/ozrodicia.sk\/wp-content\/uploads\/2020\/05\/RDC2020_logo-300x88.png 300w, https:\/\/ozrodicia.sk\/wp-content\/uploads\/2020\/05\/RDC2020_logo-1024x301.png 1024w, https:\/\/ozrodicia.sk\/wp-content\/uploads\/2020\/05\/RDC2020_logo-768x226.png 768w, https:\/\/ozrodicia.sk\/wp-content\/uploads\/2020\/05\/RDC2020_logo-710x210.png 710w\" sizes=\"(max-width: 1094px) 100vw, 1094px\" \/><\/p>\n","protected":false},"excerpt":{"rendered":"<p>Kurikul\u00e1rna reforma je jednou z piatich t\u00e9m, ktor\u00e9 v roku 2023 z\u00e1stupcovia zdru\u017eenia Rodi\u010dia.sk identifikovali ako k\u013e\u00fa\u010dov\u00e9 pre slovensk\u00e9 \u0161kolstvo [&hellip;]<\/p>\n","protected":false},"author":1,"featured_media":1069,"comment_status":"closed","ping_status":"open","sticky":false,"template":"","format":"standard","meta":{"sfsi_plus_gutenberg_text_before_share":"","sfsi_plus_gutenberg_show_text_before_share":"","sfsi_plus_gutenberg_icon_type":"","sfsi_plus_gutenberg_icon_alignemt":"","sfsi_plus_gutenburg_max_per_row":"","_mi_skip_tracking":false,"_monsterinsights_sitenote_active":false,"_monsterinsights_sitenote_note":"","_monsterinsights_sitenote_category":0},"categories":[6],"tags":[],"_links":{"self":[{"href":"https:\/\/ozrodicia.sk\/index.php?rest_route=\/wp\/v2\/posts\/1065"}],"collection":[{"href":"https:\/\/ozrodicia.sk\/index.php?rest_route=\/wp\/v2\/posts"}],"about":[{"href":"https:\/\/ozrodicia.sk\/index.php?rest_route=\/wp\/v2\/types\/post"}],"author":[{"embeddable":true,"href":"https:\/\/ozrodicia.sk\/index.php?rest_route=\/wp\/v2\/users\/1"}],"replies":[{"embeddable":true,"href":"https:\/\/ozrodicia.sk\/index.php?rest_route=%2Fwp%2Fv2%2Fcomments&post=1065"}],"version-history":[{"count":5,"href":"https:\/\/ozrodicia.sk\/index.php?rest_route=\/wp\/v2\/posts\/1065\/revisions"}],"predecessor-version":[{"id":1080,"href":"https:\/\/ozrodicia.sk\/index.php?rest_route=\/wp\/v2\/posts\/1065\/revisions\/1080"}],"wp:featuredmedia":[{"embeddable":true,"href":"https:\/\/ozrodicia.sk\/index.php?rest_route=\/wp\/v2\/media\/1069"}],"wp:attachment":[{"href":"https:\/\/ozrodicia.sk\/index.php?rest_route=%2Fwp%2Fv2%2Fmedia&parent=1065"}],"wp:term":[{"taxonomy":"category","embeddable":true,"href":"https:\/\/ozrodicia.sk\/index.php?rest_route=%2Fwp%2Fv2%2Fcategories&post=1065"},{"taxonomy":"post_tag","embeddable":true,"href":"https:\/\/ozrodicia.sk\/index.php?rest_route=%2Fwp%2Fv2%2Ftags&post=1065"}],"curies":[{"name":"wp","href":"https:\/\/api.w.org\/{rel}","templated":true}]}}